{"id":5498,"date":"2013-02-07T17:10:36","date_gmt":"2013-02-07T17:10:36","guid":{"rendered":"http:\/\/copades.com\/monec\/?p=5498"},"modified":"2013-02-07T17:10:36","modified_gmt":"2013-02-07T17:10:36","slug":"buscaran-mas-abastecedores-de-carne","status":"publish","type":"post","link":"https:\/\/copades.com\/monec\/?p=5498","title":{"rendered":"Buscar\u00e1n m\u00e1s abastecedores de carne"},"content":{"rendered":"<p style=\"text-align: justify;\">El Ministerio de Agricultura, Ganader\u00eda y Alimentaci\u00f3n (MAGA) inform\u00f3 que el incremento de los precios a nivel nacional es ocasionado por un aparente desabastecimiento del mercado local por lo que eval\u00faan a las empresas que est\u00e9n interesadas en traer carne al pa\u00eds. El viceministro de Sanidad Agropecuaria y regulaciones del MAGA, <strong>Sebasti\u00e1n Marcucci<\/strong>, explic\u00f3 que esta cartera se encarga de verificar los controles y as\u00ed cualquier ganadero de la regi\u00f3n que considere tener la capacidad de importar al Guatemala se le har\u00e1 una verificaci\u00f3n para comprobar que tenga los requisitos necesarios. (Siglo XXI 07.02.13)<\/p>\n","protected":false},"excerpt":{"rendered":"<p>El Ministerio de Agricultura, Ganader\u00eda y Alimentaci\u00f3n (MAGA) inform\u00f3 que el incremento de los precios a nivel nacional es ocasionado por un aparente desabastecimiento del mercado local por lo que eval\u00faan a las empresas&#46;&#46;&#46;<\/p>\n","protected":false},"author":1,"featured_media":0,"comment_status":"open","ping_status":"closed","sticky":false,"template":"","format":"standard","meta":{"footnotes":""},"categories":[5,15],"tags":[289],"class_list":["post-5498","post","type-post","status-publish","format-standard","hentry","category-actividad-productiva","category-ganaderia-silvicultura-pesca","tag-maga"],"_links":{"self":[{"href":"https:\/\/copades.com\/monec\/index.php?rest_route=\/wp\/v2\/posts\/5498","targetHints":{"allow":["GET"]}}],"collection":[{"href":"https:\/\/copades.com\/monec\/index.php?rest_route=\/wp\/v2\/posts"}],"about":[{"href":"https:\/\/copades.com\/monec\/index.php?rest_route=\/wp\/v2\/types\/post"}],"author":[{"embeddable":true,"href":"https:\/\/copades.com\/monec\/index.php?rest_route=\/wp\/v2\/users\/1"}],"replies":[{"embeddable":true,"href":"https:\/\/copades.com\/monec\/index.php?rest_route=%2Fwp%2Fv2%2Fcomments&post=5498"}],"version-history":[{"count":1,"href":"https:\/\/copades.com\/monec\/index.php?rest_route=\/wp\/v2\/posts\/5498\/revisions"}],"predecessor-version":[{"id":5499,"href":"https:\/\/copades.com\/monec\/index.php?rest_route=\/wp\/v2\/posts\/5498\/revisions\/5499"}],"wp:attachment":[{"href":"https:\/\/copades.com\/monec\/index.php?rest_route=%2Fwp%2Fv2%2Fmedia&parent=5498"}],"wp:term":[{"taxonomy":"category","embeddable":true,"href":"https:\/\/copades.com\/monec\/index.php?rest_route=%2Fwp%2Fv2%2Fcategories&post=5498"},{"taxonomy":"post_tag","embeddable":true,"href":"https:\/\/copades.com\/monec\/index.php?rest_route=%2Fwp%2Fv2%2Ftags&post=5498"}],"curies":[{"name":"wp","href":"https:\/\/api.w.org\/{rel}","templated":true}]}}