{"id":55020,"date":"2022-10-07T17:34:51","date_gmt":"2022-10-07T23:34:51","guid":{"rendered":"https:\/\/copades.com\/monec\/?p=55020"},"modified":"2022-10-09T17:36:39","modified_gmt":"2022-10-09T23:36:39","slug":"volatilidad-del-tipo-de-cambio-es-estacional","status":"publish","type":"post","link":"https:\/\/copades.com\/monec\/?p=55020","title":{"rendered":"Volatilidad del tipo de cambio es estacional"},"content":{"rendered":"<p style=\"text-align: justify;\">En las \u00faltimas semanas se ha evidenciado un leve incremento en el tipo de cambio de la moneda nacional con referencia al d\u00f3lar, lo que de acuerdo con el presidente del Banco de Guatemala (Banguat), <strong>Alvaro Gonz\u00e1lez Ricci<\/strong>, es normal por efecto estacional. En su cuenta de Twitter, el recientemente nombrado jefe del banco central consign\u00f3 que \u201clos incrementos del tipo de cambio en esta \u00e9poca del a\u00f1o son normales por dos razones principales: el pago de la factura petrolera y que las importaciones han crecido un 31 por ciento\u201d, e inst\u00f3 a mantener la calma y la prudencia porque, reiter\u00f3, el efecto es estacional. Al respecto, el investigador asociado del \u00c1rea Econ\u00f3mica de la Fundaci\u00f3n para el Desarrollo de Guatemala (Fundesa), <strong>Fernando Spross<\/strong>, se\u00f1al\u00f3 que \u201chay que recordar que es en septiembre cuando la demanda de d\u00f3lares comienza a aumentar derivado de los movimientos comerciales, especialmente las denominadas importaciones prenavide\u00f1as. Adem\u00e1s, en septiembre, el aumento registrado en el tipo de cambio fue de 1.85 por ciento, algo bastante moderado y no deber\u00eda tener repercusiones negativas sobre la estabilidad macroecon\u00f3mica ni sobre otros indicadores que puedan afectar a la poblaci\u00f3n\u201d, explic\u00f3. Spross agreg\u00f3 que, a lo largo del a\u00f1o, el comportamiento ha sido estable, entre enero y septiembre, dado que la depreciaci\u00f3n fue \u00fanicamente de 2.1 por ciento. Tambi\u00e9n cabe destacar que un estudio de la plataforma de noticias <em>Bloomberg L\u00ednea<\/em>, basado en los \u00faltimos 22 a\u00f1os, detall\u00f3 que el quetzal es la moneda que mostr\u00f3 menor variaci\u00f3n en este lapso, y resalt\u00f3 que en el pa\u00eds, el d\u00f3lar apenas subi\u00f3 1.5 por ciento al comparar la cotizaci\u00f3n de fines de 2000 con la actual. (Diario de Centro Am\u00e9rica 07.10.22)<\/p>\n","protected":false},"excerpt":{"rendered":"<p>En las \u00faltimas semanas se ha evidenciado un leve incremento en el tipo de cambio de la moneda nacional con referencia al d\u00f3lar, lo que de acuerdo con el presidente del Banco de Guatemala&#46;&#46;&#46;<\/p>\n","protected":false},"author":1,"featured_media":48527,"comment_status":"open","ping_status":"closed","sticky":false,"template":"","format":"standard","meta":{"footnotes":""},"categories":[53],"tags":[92,537],"class_list":["post-55020","post","type-post","status-publish","format-standard","has-post-thumbnail","hentry","category-tipo-de-cambio-y-mercado-de-divisas","tag-banguat","tag-fundesa"],"_links":{"self":[{"href":"https:\/\/copades.com\/monec\/index.php?rest_route=\/wp\/v2\/posts\/55020","targetHints":{"allow":["GET"]}}],"collection":[{"href":"https:\/\/copades.com\/monec\/index.php?rest_route=\/wp\/v2\/posts"}],"about":[{"href":"https:\/\/copades.com\/monec\/index.php?rest_route=\/wp\/v2\/types\/post"}],"author":[{"embeddable":true,"href":"https:\/\/copades.com\/monec\/index.php?rest_route=\/wp\/v2\/users\/1"}],"replies":[{"embeddable":true,"href":"https:\/\/copades.com\/monec\/index.php?rest_route=%2Fwp%2Fv2%2Fcomments&post=55020"}],"version-history":[{"count":1,"href":"https:\/\/copades.com\/monec\/index.php?rest_route=\/wp\/v2\/posts\/55020\/revisions"}],"predecessor-version":[{"id":55021,"href":"https:\/\/copades.com\/monec\/index.php?rest_route=\/wp\/v2\/posts\/55020\/revisions\/55021"}],"wp:featuredmedia":[{"embeddable":true,"href":"https:\/\/copades.com\/monec\/index.php?rest_route=\/wp\/v2\/media\/48527"}],"wp:attachment":[{"href":"https:\/\/copades.com\/monec\/index.php?rest_route=%2Fwp%2Fv2%2Fmedia&parent=55020"}],"wp:term":[{"taxonomy":"category","embeddable":true,"href":"https:\/\/copades.com\/monec\/index.php?rest_route=%2Fwp%2Fv2%2Fcategories&post=55020"},{"taxonomy":"post_tag","embeddable":true,"href":"https:\/\/copades.com\/monec\/index.php?rest_route=%2Fwp%2Fv2%2Ftags&post=55020"}],"curies":[{"name":"wp","href":"https:\/\/api.w.org\/{rel}","templated":true}]}}