{"id":55022,"date":"2022-10-07T17:37:33","date_gmt":"2022-10-07T23:37:33","guid":{"rendered":"https:\/\/copades.com\/monec\/?p=55022"},"modified":"2022-10-09T17:38:48","modified_gmt":"2022-10-09T23:38:48","slug":"habilitan-paso-de-carga-pesada-en-aduana","status":"publish","type":"post","link":"https:\/\/copades.com\/monec\/?p=55022","title":{"rendered":"Habilitan paso de carga pesada en aduana"},"content":{"rendered":"<p style=\"text-align: justify;\">Los gobiernos de Guatemala y M\u00e9xico acordaron incrementar el paso de veh\u00edculos en la aduana El Ceibo al liberar la restricci\u00f3n de peso para los medios de transporte que circulan por ese recinto fronterizo. La Secretar\u00eda de Relaciones Exteriores de M\u00e9xico y el Ministerio de Relaciones Exteriores (Minex) de Guatemala intercambiaron notas diplom\u00e1ticas para formalizar sin restricci\u00f3n en el peso de carga en el cruce fronterizo El Ceibo que est\u00e1 ubicada en el kil\u00f3metro 657.5 la ruta departamental 13 La Libertad, Pet\u00e9n. La medida est\u00e1 vigente desde este viernes luego de la publicaci\u00f3n de la resoluci\u00f3n en el Diario de Centro Am\u00e9rica por la Superintendencia de Administraci\u00f3n Tributaria (SAT), que modificar cuando se cre\u00f3 la aduana El Ceibo en 2009, y en la cual se ejercer\u00e1 el ingreso y egreso de mercanc\u00edas y medios de transporte de carga, sin restricci\u00f3n de peso e ingreso de Guatemala a M\u00e9xico. <strong>Werner Ovalle<\/strong>, intendente de Aduanas, expres\u00f3 que esta medida forma parte de los trabajos de la comisi\u00f3n de puertos y servicios que coordina el Minex, y que tiene como prop\u00f3sito revisar los alcances de los puestos fronterizos que se tienen con M\u00e9xico, y en el caso de El Ceibo, ten\u00eda una carga de tr\u00e1nsito de mercanc\u00edas muy baja, y en las reuniones de trabajo de ambas autoridades diplom\u00e1ticas se acord\u00f3 que ahora no habr\u00e1 l\u00edmite de peso, y que permitir\u00e1 incrementar el flujo comercial y de mercanc\u00edas por ambos pa\u00edses. (Prensa Libre 07.10.22)<\/p>\n","protected":false},"excerpt":{"rendered":"<p>Los gobiernos de Guatemala y M\u00e9xico acordaron incrementar el paso de veh\u00edculos en la aduana El Ceibo al liberar la restricci\u00f3n de peso para los medios de transporte que circulan por ese recinto fronterizo.&#46;&#46;&#46;<\/p>\n","protected":false},"author":1,"featured_media":49950,"comment_status":"open","ping_status":"closed","sticky":false,"template":"","format":"standard","meta":{"footnotes":""},"categories":[5,22],"tags":[180,79],"class_list":["post-55022","post","type-post","status-publish","format-standard","has-post-thumbnail","hentry","category-actividad-productiva","category-transporte-y-almacenamiento","tag-minex","tag-sat"],"_links":{"self":[{"href":"https:\/\/copades.com\/monec\/index.php?rest_route=\/wp\/v2\/posts\/55022","targetHints":{"allow":["GET"]}}],"collection":[{"href":"https:\/\/copades.com\/monec\/index.php?rest_route=\/wp\/v2\/posts"}],"about":[{"href":"https:\/\/copades.com\/monec\/index.php?rest_route=\/wp\/v2\/types\/post"}],"author":[{"embeddable":true,"href":"https:\/\/copades.com\/monec\/index.php?rest_route=\/wp\/v2\/users\/1"}],"replies":[{"embeddable":true,"href":"https:\/\/copades.com\/monec\/index.php?rest_route=%2Fwp%2Fv2%2Fcomments&post=55022"}],"version-history":[{"count":1,"href":"https:\/\/copades.com\/monec\/index.php?rest_route=\/wp\/v2\/posts\/55022\/revisions"}],"predecessor-version":[{"id":55023,"href":"https:\/\/copades.com\/monec\/index.php?rest_route=\/wp\/v2\/posts\/55022\/revisions\/55023"}],"wp:featuredmedia":[{"embeddable":true,"href":"https:\/\/copades.com\/monec\/index.php?rest_route=\/wp\/v2\/media\/49950"}],"wp:attachment":[{"href":"https:\/\/copades.com\/monec\/index.php?rest_route=%2Fwp%2Fv2%2Fmedia&parent=55022"}],"wp:term":[{"taxonomy":"category","embeddable":true,"href":"https:\/\/copades.com\/monec\/index.php?rest_route=%2Fwp%2Fv2%2Fcategories&post=55022"},{"taxonomy":"post_tag","embeddable":true,"href":"https:\/\/copades.com\/monec\/index.php?rest_route=%2Fwp%2Fv2%2Ftags&post=55022"}],"curies":[{"name":"wp","href":"https:\/\/api.w.org\/{rel}","templated":true}]}}