{"id":55044,"date":"2022-10-10T17:18:16","date_gmt":"2022-10-10T23:18:16","guid":{"rendered":"https:\/\/copades.com\/monec\/?p=55044"},"modified":"2022-10-10T17:18:16","modified_gmt":"2022-10-10T23:18:16","slug":"el-salario-minimo-aumentara-en-el-2023-pero-aun-no-se-define-el-porcentaje-que-debe-aprobarse-a-fin-de-ano","status":"publish","type":"post","link":"https:\/\/copades.com\/monec\/?p=55044","title":{"rendered":"El salario m\u00ednimo aumentar\u00e1 en el 2023, pero a\u00fan no se define el porcentaje que debe aprobarse a fin de a\u00f1o"},"content":{"rendered":"<p style=\"text-align: justify;\">Por primera vez en muchos, representantes de los tres sectores gubernamental, empleador y laboral que participan en la Comisi\u00f3n Nacional del Salario (CNS), coincidieron en la necesidad de un incremento al salario m\u00ednimo para 2023, aunque con distintos enfoques y porcentajes. La CNS se reuni\u00f3 este viernes 7 de octubre para discutir las propuestas de las Comisiones Paritarias (cada sector), ya que deben presentar su dictamen al ministro de Trabajo, <strong>Rafael Rodr\u00edguez<\/strong>, a m\u00e1s tardar el mi\u00e9rcoles 12 de este mes. Seg\u00fan indic\u00f3 la representante del gobierno en la CNS, la viceministra de Trabajo, <strong>Mar\u00eda Isabel Salazar<\/strong>, los tres sectores tambi\u00e9n estuvieron de acuerdo en que se use la f\u00f3rmula t\u00e9cnica que surgi\u00f3 de la Organizaci\u00f3n Internacional del Trabajo (OIT) para definir el monto que se sugerir\u00e1. Esta f\u00f3rmula toma en consideraci\u00f3n el porcentaje de inflaci\u00f3n esperado, el crecimiento econ\u00f3mico y el aumento poblacional previsto para el pr\u00f3ximo a\u00f1o, as\u00ed como un factor de productividad. (Prensa Libre 10.10.22)<\/p>\n","protected":false},"excerpt":{"rendered":"<p>Por primera vez en muchos, representantes de los tres sectores gubernamental, empleador y laboral que participan en la Comisi\u00f3n Nacional del Salario (CNS), coincidieron en la necesidad de un incremento al salario m\u00ednimo para&#46;&#46;&#46;<\/p>\n","protected":false},"author":1,"featured_media":48304,"comment_status":"open","ping_status":"closed","sticky":false,"template":"","format":"standard","meta":{"footnotes":""},"categories":[49],"tags":[137,494,703],"class_list":["post-55044","post","type-post","status-publish","format-standard","has-post-thumbnail","hentry","category-poblacion-empleos-y-salarios","tag-cns","tag-oit","tag-salario-minimo"],"_links":{"self":[{"href":"https:\/\/copades.com\/monec\/index.php?rest_route=\/wp\/v2\/posts\/55044","targetHints":{"allow":["GET"]}}],"collection":[{"href":"https:\/\/copades.com\/monec\/index.php?rest_route=\/wp\/v2\/posts"}],"about":[{"href":"https:\/\/copades.com\/monec\/index.php?rest_route=\/wp\/v2\/types\/post"}],"author":[{"embeddable":true,"href":"https:\/\/copades.com\/monec\/index.php?rest_route=\/wp\/v2\/users\/1"}],"replies":[{"embeddable":true,"href":"https:\/\/copades.com\/monec\/index.php?rest_route=%2Fwp%2Fv2%2Fcomments&post=55044"}],"version-history":[{"count":1,"href":"https:\/\/copades.com\/monec\/index.php?rest_route=\/wp\/v2\/posts\/55044\/revisions"}],"predecessor-version":[{"id":55045,"href":"https:\/\/copades.com\/monec\/index.php?rest_route=\/wp\/v2\/posts\/55044\/revisions\/55045"}],"wp:featuredmedia":[{"embeddable":true,"href":"https:\/\/copades.com\/monec\/index.php?rest_route=\/wp\/v2\/media\/48304"}],"wp:attachment":[{"href":"https:\/\/copades.com\/monec\/index.php?rest_route=%2Fwp%2Fv2%2Fmedia&parent=55044"}],"wp:term":[{"taxonomy":"category","embeddable":true,"href":"https:\/\/copades.com\/monec\/index.php?rest_route=%2Fwp%2Fv2%2Fcategories&post=55044"},{"taxonomy":"post_tag","embeddable":true,"href":"https:\/\/copades.com\/monec\/index.php?rest_route=%2Fwp%2Fv2%2Ftags&post=55044"}],"curies":[{"name":"wp","href":"https:\/\/api.w.org\/{rel}","templated":true}]}}