{"id":55077,"date":"2022-10-12T09:47:20","date_gmt":"2022-10-12T15:47:20","guid":{"rendered":"https:\/\/copades.com\/monec\/?p=55077"},"modified":"2022-10-17T09:50:29","modified_gmt":"2022-10-17T15:50:29","slug":"la-infraestructura-y-el-sector-agricola-fueron-los-mas-perjudicados-por-la-tormenta","status":"publish","type":"post","link":"https:\/\/copades.com\/monec\/?p=55077","title":{"rendered":"La infraestructura y el sector agr\u00edcola fueron los m\u00e1s perjudicados por la tormenta"},"content":{"rendered":"<p style=\"text-align: justify;\">El paso de la tormenta tropical Julia dej\u00f3 da\u00f1os principalmente en puentes, carreteras y extensas \u00e1reas agr\u00edcolas, mientras que el comercio exterior ya trabaja normalmente. \u201cEl d\u00eda de la entrada de la tormenta, la Empresa Puerto Santo Tom\u00e1s de Castilla (Empornac) tom\u00f3 algunas medidas y posteriormente, la Empresa Portuaria Quetzal (EPQ), pero hoy los puertos se encuentran funcionando con normalidad y, afortunadamente, el aeropuerto no cerr\u00f3 y las fronteras est\u00e1n operando\u201d, dijo <strong>Fanny de Estrada<\/strong>, directora de relaciones institucionales de la Asociaci\u00f3n Guatemalteca de Exportadores (Agexport). <strong>Edgar Lorenzo<\/strong>, jefe de la Unidad de Comercializaci\u00f3n y Mercadeo de EPQ, dijo que el lunes 10 de octubre, solo durante dos horas fueron suspendidas las operaciones mar\u00edtimas, de zarpe y atraque de embarcaciones, debido a las velocidades del viento. Cuando estas bajaron, todo se reanud\u00f3. <strong>Luis Alfonso Bosch<\/strong>, presidente de la C\u00e1mara de Industria de Guatemala (CIG), con base en datos oficiales, dijo tener conocimiento de que los departamentos m\u00e1s afectados fueron Izabal, Alta Verapaz, Huehuetenango, Quich\u00e9, Pet\u00e9n, Suchitep\u00e9quez y Zacapa. <strong>Jos\u00e9 Luis Lux<\/strong>, presidente de la Gremial de la C\u00e1mara de Comercio de Ixc\u00e1n, inform\u00f3 que ese municipio est\u00e1 completamente incomunicado; tanto en la salida a Cob\u00e1n, Alta Verapaz, como en la ruta hacia la frontera con M\u00e9xico. La Franja Transversal del Norte qued\u00f3 bloqueada por el desborde del r\u00edo Chixoy y la destrucci\u00f3n de un puente de madera en \u00e1reas del Parque Nacional Lachu\u00e1. (Prensa Libre 12.10.22)<\/p>\n","protected":false},"excerpt":{"rendered":"<p>El paso de la tormenta tropical Julia dej\u00f3 da\u00f1os principalmente en puentes, carreteras y extensas \u00e1reas agr\u00edcolas, mientras que el comercio exterior ya trabaja normalmente. \u201cEl d\u00eda de la entrada de la tormenta, la&#46;&#46;&#46;<\/p>\n","protected":false},"author":1,"featured_media":55078,"comment_status":"open","ping_status":"closed","sticky":false,"template":"","format":"standard","meta":{"footnotes":""},"categories":[5,10],"tags":[181,1481,659],"class_list":["post-55077","post","type-post","status-publish","format-standard","has-post-thumbnail","hentry","category-actividad-productiva","category-agricultura","tag-agexport","tag-empornac","tag-epq"],"_links":{"self":[{"href":"https:\/\/copades.com\/monec\/index.php?rest_route=\/wp\/v2\/posts\/55077","targetHints":{"allow":["GET"]}}],"collection":[{"href":"https:\/\/copades.com\/monec\/index.php?rest_route=\/wp\/v2\/posts"}],"about":[{"href":"https:\/\/copades.com\/monec\/index.php?rest_route=\/wp\/v2\/types\/post"}],"author":[{"embeddable":true,"href":"https:\/\/copades.com\/monec\/index.php?rest_route=\/wp\/v2\/users\/1"}],"replies":[{"embeddable":true,"href":"https:\/\/copades.com\/monec\/index.php?rest_route=%2Fwp%2Fv2%2Fcomments&post=55077"}],"version-history":[{"count":1,"href":"https:\/\/copades.com\/monec\/index.php?rest_route=\/wp\/v2\/posts\/55077\/revisions"}],"predecessor-version":[{"id":55079,"href":"https:\/\/copades.com\/monec\/index.php?rest_route=\/wp\/v2\/posts\/55077\/revisions\/55079"}],"wp:featuredmedia":[{"embeddable":true,"href":"https:\/\/copades.com\/monec\/index.php?rest_route=\/wp\/v2\/media\/55078"}],"wp:attachment":[{"href":"https:\/\/copades.com\/monec\/index.php?rest_route=%2Fwp%2Fv2%2Fmedia&parent=55077"}],"wp:term":[{"taxonomy":"category","embeddable":true,"href":"https:\/\/copades.com\/monec\/index.php?rest_route=%2Fwp%2Fv2%2Fcategories&post=55077"},{"taxonomy":"post_tag","embeddable":true,"href":"https:\/\/copades.com\/monec\/index.php?rest_route=%2Fwp%2Fv2%2Ftags&post=55077"}],"curies":[{"name":"wp","href":"https:\/\/api.w.org\/{rel}","templated":true}]}}