{"id":55080,"date":"2022-10-12T09:50:48","date_gmt":"2022-10-12T15:50:48","guid":{"rendered":"https:\/\/copades.com\/monec\/?p=55080"},"modified":"2022-10-17T09:53:24","modified_gmt":"2022-10-17T15:53:24","slug":"congreso-ratifica-estado-de-calamidad-por-depresion-tropical-julia","status":"publish","type":"post","link":"https:\/\/copades.com\/monec\/?p=55080","title":{"rendered":"Congreso ratifica estado de calamidad por depresi\u00f3n tropical \u201cJulia\u201d"},"content":{"rendered":"<p style=\"text-align: justify;\">Con un total de 110 votos a favor y 27 en contra, el Congreso ratific\u00f3 ayer el estado de calamidad en todo el pa\u00eds por 30 d\u00edas emitido por el Ejecutivo debido a los efectos de la depresi\u00f3n tropical \u201cJulia\u201d en Guatemala. El decreto 50-2022 fue aprobado de urgencia nacional con el apoyo de los diputados aliados al oficialismo, luego de una sesi\u00f3n que dur\u00f3 m\u00e1s de tres horas y en la cual se ten\u00eda como \u00fanico punto la ratificaci\u00f3n del estado de calamidad. Antes, los diputados aprobaron, tambi\u00e9n con 110 votos a favor, una moci\u00f3n privilegiada para que el estado de calamidad fuese ratificado en una sola lectura con mayor\u00eda absoluta. En la discusi\u00f3n, diputados oficialistas anunciaron su apoyo a la medida anunciada por el Ejecutivo, mientras que los diputados opositores expresaron su rechazo. La aprobaci\u00f3n se dio un d\u00eda despu\u00e9s de que el presidente <strong>Alejandro Giammattei<\/strong> anunci\u00f3 dicha medida ante la situaci\u00f3n en Guatemala por los efectos de \u201cJulia\u201d. \u201cEsta medida fortalece la atenci\u00f3n a los guatemaltecos por el paso del cicl\u00f3n tropical \u2018Julia\u2019. En esta emergencia, seguimos llegando a las comunidades afectadas\u201d, se\u00f1al\u00f3 el Giammattei. (El Peri\u00f3dico 12.10.22)<\/p>\n","protected":false},"excerpt":{"rendered":"<p>Con un total de 110 votos a favor y 27 en contra, el Congreso ratific\u00f3 ayer el estado de calamidad en todo el pa\u00eds por 30 d\u00edas emitido por el Ejecutivo debido a los&#46;&#46;&#46;<\/p>\n","protected":false},"author":1,"featured_media":51066,"comment_status":"open","ping_status":"closed","sticky":false,"template":"","format":"standard","meta":{"footnotes":""},"categories":[5,11],"tags":[523,7928],"class_list":["post-55080","post","type-post","status-publish","format-standard","has-post-thumbnail","hentry","category-actividad-productiva","category-construccion-e-infraestructura","tag-congreso","tag-depresion-tropical-julia"],"_links":{"self":[{"href":"https:\/\/copades.com\/monec\/index.php?rest_route=\/wp\/v2\/posts\/55080","targetHints":{"allow":["GET"]}}],"collection":[{"href":"https:\/\/copades.com\/monec\/index.php?rest_route=\/wp\/v2\/posts"}],"about":[{"href":"https:\/\/copades.com\/monec\/index.php?rest_route=\/wp\/v2\/types\/post"}],"author":[{"embeddable":true,"href":"https:\/\/copades.com\/monec\/index.php?rest_route=\/wp\/v2\/users\/1"}],"replies":[{"embeddable":true,"href":"https:\/\/copades.com\/monec\/index.php?rest_route=%2Fwp%2Fv2%2Fcomments&post=55080"}],"version-history":[{"count":1,"href":"https:\/\/copades.com\/monec\/index.php?rest_route=\/wp\/v2\/posts\/55080\/revisions"}],"predecessor-version":[{"id":55081,"href":"https:\/\/copades.com\/monec\/index.php?rest_route=\/wp\/v2\/posts\/55080\/revisions\/55081"}],"wp:featuredmedia":[{"embeddable":true,"href":"https:\/\/copades.com\/monec\/index.php?rest_route=\/wp\/v2\/media\/51066"}],"wp:attachment":[{"href":"https:\/\/copades.com\/monec\/index.php?rest_route=%2Fwp%2Fv2%2Fmedia&parent=55080"}],"wp:term":[{"taxonomy":"category","embeddable":true,"href":"https:\/\/copades.com\/monec\/index.php?rest_route=%2Fwp%2Fv2%2Fcategories&post=55080"},{"taxonomy":"post_tag","embeddable":true,"href":"https:\/\/copades.com\/monec\/index.php?rest_route=%2Fwp%2Fv2%2Ftags&post=55080"}],"curies":[{"name":"wp","href":"https:\/\/api.w.org\/{rel}","templated":true}]}}