{"id":55088,"date":"2022-10-12T10:03:42","date_gmt":"2022-10-12T16:03:42","guid":{"rendered":"https:\/\/copades.com\/monec\/?p=55088"},"modified":"2022-10-17T10:06:08","modified_gmt":"2022-10-17T16:06:08","slug":"fmi-lo-peor-esta-por-venir-para-la-economia","status":"publish","type":"post","link":"https:\/\/copades.com\/monec\/?p=55088","title":{"rendered":"FMI: \u201clo peor est\u00e1 por venir\u201d para la econom\u00eda"},"content":{"rendered":"<p style=\"text-align: justify;\">Como lo anunci\u00f3 la semana pasada <strong>Kristalina Gueorguieva<\/strong>, gerente del Fondo Monetario Internacional (FMI), la instituci\u00f3n recort\u00f3 levemente sus proyecciones econ\u00f3micas para este y el pr\u00f3ximo a\u00f1o. En el mundo prev\u00e9 que la econom\u00eda se expanda 3.2 por ciento en 2022 \u2013sin variaciones frente a la expuesto en julio\u2013 mientras que para 2023 la cifra disminuy\u00f3 0.3 puntos porcentuales (pps), pasando de 2.9 por ciento a 2.7 por ciento. \u00bfLas razones? Un panorama mucho m\u00e1s complejo en medio de la guerra en Ucrania, inflaci\u00f3n en niveles r\u00e9cord y el endurecimiento de la pol\u00edtica monetaria de las principales econom\u00edas del mundo que desencadenar\u00eda en una recesi\u00f3n. El documento desglosa la actividad por regiones. De esta manera, las econom\u00edas desarrolladas crecer\u00edan 2.4 por ciento este a\u00f1o y 1.1 por ciento el siguiente, lo que evidencia un descenso de 0.1 pps y 0.3 pps, respectivamente frente a lo que se ten\u00eda presupuestado en el s\u00e9ptimo mes del a\u00f1o. Seg\u00fan <strong>Pierre-Olivier Gourinchas<\/strong>, consejero econ\u00f3mico y director del Departamento de Estudio del FMI, los choques de este a\u00f1o reabrir\u00e1n las heridas econ\u00f3micas que solo se curaron parcialmente despu\u00e9s de la pandemia. \u201cEn resumen, lo peor est\u00e1 por llegar y, para muchos, 2023 se sentir\u00e1 como una recesi\u00f3n\u201d, advierte el especialista. (El Peri\u00f3dico\/Prensa Libre 12.10.22)<\/p>\n","protected":false},"excerpt":{"rendered":"<p>Como lo anunci\u00f3 la semana pasada Kristalina Gueorguieva, gerente del Fondo Monetario Internacional (FMI), la instituci\u00f3n recort\u00f3 levemente sus proyecciones econ\u00f3micas para este y el pr\u00f3ximo a\u00f1o. En el mundo prev\u00e9 que la econom\u00eda&#46;&#46;&#46;<\/p>\n","protected":false},"author":1,"featured_media":49913,"comment_status":"open","ping_status":"closed","sticky":false,"template":"","format":"standard","meta":{"footnotes":""},"categories":[55],"tags":[98],"class_list":["post-55088","post","type-post","status-publish","format-standard","has-post-thumbnail","hentry","category-internacionales-seleccion","tag-fmi"],"_links":{"self":[{"href":"https:\/\/copades.com\/monec\/index.php?rest_route=\/wp\/v2\/posts\/55088","targetHints":{"allow":["GET"]}}],"collection":[{"href":"https:\/\/copades.com\/monec\/index.php?rest_route=\/wp\/v2\/posts"}],"about":[{"href":"https:\/\/copades.com\/monec\/index.php?rest_route=\/wp\/v2\/types\/post"}],"author":[{"embeddable":true,"href":"https:\/\/copades.com\/monec\/index.php?rest_route=\/wp\/v2\/users\/1"}],"replies":[{"embeddable":true,"href":"https:\/\/copades.com\/monec\/index.php?rest_route=%2Fwp%2Fv2%2Fcomments&post=55088"}],"version-history":[{"count":1,"href":"https:\/\/copades.com\/monec\/index.php?rest_route=\/wp\/v2\/posts\/55088\/revisions"}],"predecessor-version":[{"id":55089,"href":"https:\/\/copades.com\/monec\/index.php?rest_route=\/wp\/v2\/posts\/55088\/revisions\/55089"}],"wp:featuredmedia":[{"embeddable":true,"href":"https:\/\/copades.com\/monec\/index.php?rest_route=\/wp\/v2\/media\/49913"}],"wp:attachment":[{"href":"https:\/\/copades.com\/monec\/index.php?rest_route=%2Fwp%2Fv2%2Fmedia&parent=55088"}],"wp:term":[{"taxonomy":"category","embeddable":true,"href":"https:\/\/copades.com\/monec\/index.php?rest_route=%2Fwp%2Fv2%2Fcategories&post=55088"},{"taxonomy":"post_tag","embeddable":true,"href":"https:\/\/copades.com\/monec\/index.php?rest_route=%2Fwp%2Fv2%2Ftags&post=55088"}],"curies":[{"name":"wp","href":"https:\/\/api.w.org\/{rel}","templated":true}]}}