{"id":55092,"date":"2022-10-14T10:13:27","date_gmt":"2022-10-14T16:13:27","guid":{"rendered":"https:\/\/copades.com\/monec\/?p=55092"},"modified":"2022-10-17T10:15:39","modified_gmt":"2022-10-17T16:15:39","slug":"libertad-economica-limitada-por-debil-sistema-judicial-y-certeza-juridica","status":"publish","type":"post","link":"https:\/\/copades.com\/monec\/?p=55092","title":{"rendered":"Libertad econ\u00f3mica limitada por d\u00e9bil sistema judicial y certeza jur\u00eddica"},"content":{"rendered":"<p style=\"text-align: justify;\">La falta de certeza jur\u00eddica, los se\u00f1alamientos de corrupci\u00f3n, un sistema de justicia ineficiente y las limitaciones en la defensa del derecho de la propiedad privada son desaf\u00edos que enfrenta Guatemala y que limitan el desarrollo econ\u00f3mico, seg\u00fan dio a conocer ayer el Centro de Investigaciones Econ\u00f3micas Nacionales (CIEN) durante la presentaci\u00f3n del <em>Reporte de<\/em> <em>Libertad Econ\u00f3mica<\/em>, informe para los pa\u00edses de Centroam\u00e9rica. El documento mide el grado en que las pol\u00edticas e instituciones fomentan o limitan la libertad econ\u00f3mica. En 2022, Guatemala ocupa el puesto 31 de 165 naciones analizadas, con un promedio de 7.59 puntos sobre 10, un descenso de 21 decimales comparado con 2019 cuando registr\u00f3 7.80, por lo que hubo una disminuci\u00f3n en libertad econ\u00f3mica. Esto fue consecuencia de las regulaciones, el sistema judicial y la certeza jur\u00eddica debilitada por la corrupci\u00f3n, el debilitamiento institucional y la falta de garant\u00eda a los derechos de propiedad y el aumento de subsidios temporales en la energ\u00eda el\u00e9ctrica, gas propano, combustible, entre otros, que posteriormente se alargaron, seg\u00fan el informe. <strong>Ver\u00f3nica Spross<\/strong> de Rivera, investigadora asociada del CIEN, resalt\u00f3 la resiliencia del pa\u00eds durante la pandemia y coment\u00f3 que Guatemala ocupa el segundo lugar en cuanto a libertad econ\u00f3mica, superado por Costa Rica. (El Peri\u00f3dico\/Prensa Libre 14.10.22)<\/p>\n","protected":false},"excerpt":{"rendered":"<p>La falta de certeza jur\u00eddica, los se\u00f1alamientos de corrupci\u00f3n, un sistema de justicia ineficiente y las limitaciones en la defensa del derecho de la propiedad privada son desaf\u00edos que enfrenta Guatemala y que limitan&#46;&#46;&#46;<\/p>\n","protected":false},"author":1,"featured_media":48065,"comment_status":"open","ping_status":"closed","sticky":false,"template":"","format":"standard","meta":{"footnotes":""},"categories":[5,9],"tags":[563,7929],"class_list":["post-55092","post","type-post","status-publish","format-standard","has-post-thumbnail","hentry","category-actividad-productiva","category-actividad-productiva-actividad-productiva","tag-cien","tag-falta-de-certeza-juridica"],"_links":{"self":[{"href":"https:\/\/copades.com\/monec\/index.php?rest_route=\/wp\/v2\/posts\/55092","targetHints":{"allow":["GET"]}}],"collection":[{"href":"https:\/\/copades.com\/monec\/index.php?rest_route=\/wp\/v2\/posts"}],"about":[{"href":"https:\/\/copades.com\/monec\/index.php?rest_route=\/wp\/v2\/types\/post"}],"author":[{"embeddable":true,"href":"https:\/\/copades.com\/monec\/index.php?rest_route=\/wp\/v2\/users\/1"}],"replies":[{"embeddable":true,"href":"https:\/\/copades.com\/monec\/index.php?rest_route=%2Fwp%2Fv2%2Fcomments&post=55092"}],"version-history":[{"count":1,"href":"https:\/\/copades.com\/monec\/index.php?rest_route=\/wp\/v2\/posts\/55092\/revisions"}],"predecessor-version":[{"id":55093,"href":"https:\/\/copades.com\/monec\/index.php?rest_route=\/wp\/v2\/posts\/55092\/revisions\/55093"}],"wp:featuredmedia":[{"embeddable":true,"href":"https:\/\/copades.com\/monec\/index.php?rest_route=\/wp\/v2\/media\/48065"}],"wp:attachment":[{"href":"https:\/\/copades.com\/monec\/index.php?rest_route=%2Fwp%2Fv2%2Fmedia&parent=55092"}],"wp:term":[{"taxonomy":"category","embeddable":true,"href":"https:\/\/copades.com\/monec\/index.php?rest_route=%2Fwp%2Fv2%2Fcategories&post=55092"},{"taxonomy":"post_tag","embeddable":true,"href":"https:\/\/copades.com\/monec\/index.php?rest_route=%2Fwp%2Fv2%2Ftags&post=55092"}],"curies":[{"name":"wp","href":"https:\/\/api.w.org\/{rel}","templated":true}]}}