{"id":55230,"date":"2022-10-24T12:54:09","date_gmt":"2022-10-24T18:54:09","guid":{"rendered":"https:\/\/copades.com\/monec\/?p=55230"},"modified":"2022-10-24T12:54:09","modified_gmt":"2022-10-24T18:54:09","slug":"ucrania-sin-el-90-de-energia-eolica-y-el-50-de-la-solar-por-ataques-rusos","status":"publish","type":"post","link":"https:\/\/copades.com\/monec\/?p=55230","title":{"rendered":"Ucrania sin el 90 % de energ\u00eda e\u00f3lica y el 50 % de la solar por ataques rusos"},"content":{"rendered":"<p style=\"text-align: justify;\">La guerra ha dejado a Ucrania sin el 90 % de su capacidad de energ\u00eda e\u00f3lica y sin entre el 45 % y el 50 % de la solar, inform\u00f3 hoy el ministro ucraniano de Energ\u00eda, <strong>Herman Halushchenko<\/strong>. \u201cLa energ\u00eda \u2018verde\u2019 es probablemente el sector m\u00e1s afectado, porque tenemos la mayor parte de las capacidades en el sur de Ucrania. Hemos perdido cerca del 90 % de la e\u00f3lica y el 45-50 % de la solar. Es una enorme p\u00e9rdida\u201d, dijo el ministro en una entrevista a un canal ucraniano que recoge la agencia Ukrinform. Al mismo tiempo, se mostr\u00f3 convencido de que Ucrania tiene un gran potencial en lo que respecta al desarrollo de las energ\u00edas renovables, en particular de la e\u00f3lica, y se\u00f1al\u00f3 que Europa est\u00e1 interesada en invertir en esta direcci\u00f3n despu\u00e9s de la guerra. \u201cTen\u00edamos una estrategia que preve\u00eda para 2030 una cuota de energ\u00eda \u2018verde\u2019 en el balance energ\u00e9tico de Ucrania de al menos el 25 %. Creo que despu\u00e9s de nuestra victoria, teniendo en cuenta la destrucci\u00f3n causada por Rusia, la revisaremos y aumentaremos el porcentaje\u201d, dijo. (Prensa Libre 24.10.22)<\/p>\n","protected":false},"excerpt":{"rendered":"<p>La guerra ha dejado a Ucrania sin el 90 % de su capacidad de energ\u00eda e\u00f3lica y sin entre el 45 % y el 50 % de la solar, inform\u00f3 hoy el ministro ucraniano&#46;&#46;&#46;<\/p>\n","protected":false},"author":1,"featured_media":51841,"comment_status":"open","ping_status":"closed","sticky":false,"template":"","format":"standard","meta":{"footnotes":""},"categories":[55],"tags":[5592,7701],"class_list":["post-55230","post","type-post","status-publish","format-standard","has-post-thumbnail","hentry","category-internacionales-seleccion","tag-energia-eolica","tag-guerra-en-ucrania"],"_links":{"self":[{"href":"https:\/\/copades.com\/monec\/index.php?rest_route=\/wp\/v2\/posts\/55230","targetHints":{"allow":["GET"]}}],"collection":[{"href":"https:\/\/copades.com\/monec\/index.php?rest_route=\/wp\/v2\/posts"}],"about":[{"href":"https:\/\/copades.com\/monec\/index.php?rest_route=\/wp\/v2\/types\/post"}],"author":[{"embeddable":true,"href":"https:\/\/copades.com\/monec\/index.php?rest_route=\/wp\/v2\/users\/1"}],"replies":[{"embeddable":true,"href":"https:\/\/copades.com\/monec\/index.php?rest_route=%2Fwp%2Fv2%2Fcomments&post=55230"}],"version-history":[{"count":1,"href":"https:\/\/copades.com\/monec\/index.php?rest_route=\/wp\/v2\/posts\/55230\/revisions"}],"predecessor-version":[{"id":55231,"href":"https:\/\/copades.com\/monec\/index.php?rest_route=\/wp\/v2\/posts\/55230\/revisions\/55231"}],"wp:featuredmedia":[{"embeddable":true,"href":"https:\/\/copades.com\/monec\/index.php?rest_route=\/wp\/v2\/media\/51841"}],"wp:attachment":[{"href":"https:\/\/copades.com\/monec\/index.php?rest_route=%2Fwp%2Fv2%2Fmedia&parent=55230"}],"wp:term":[{"taxonomy":"category","embeddable":true,"href":"https:\/\/copades.com\/monec\/index.php?rest_route=%2Fwp%2Fv2%2Fcategories&post=55230"},{"taxonomy":"post_tag","embeddable":true,"href":"https:\/\/copades.com\/monec\/index.php?rest_route=%2Fwp%2Fv2%2Ftags&post=55230"}],"curies":[{"name":"wp","href":"https:\/\/api.w.org\/{rel}","templated":true}]}}