{"id":55250,"date":"2022-10-25T10:38:16","date_gmt":"2022-10-25T16:38:16","guid":{"rendered":"https:\/\/copades.com\/monec\/?p=55250"},"modified":"2022-10-27T10:40:10","modified_gmt":"2022-10-27T16:40:10","slug":"cafe-con-destino-a-norteamerica","status":"publish","type":"post","link":"https:\/\/copades.com\/monec\/?p=55250","title":{"rendered":"Caf\u00e9 con destino a Norteam\u00e9rica"},"content":{"rendered":"<p style=\"text-align: justify;\">El a\u00f1o cafetalero concluy\u00f3 el pasado 30 de septiembre y, seg\u00fan la Asociaci\u00f3n Nacional del Caf\u00e9 (Anacaf\u00e9), se logr\u00f3 una exportaci\u00f3n de m\u00e1s de US $1.1 millardos con destino al mercado norteamericano, lo que se traduce en cifras hist\u00f3ricas. Como lo dio a conocer la citada organizaci\u00f3n, del 1 de octubre de 2021 al 30 de septiembre pasado se exportaron 4.33 millones de quintales de caf\u00e9 oro, de los cuales el 44 por ciento fue para Estados Unidos y el 8 por ciento, para Canad\u00e1. Asimismo, el mercado asi\u00e1tico increment\u00f3 su inter\u00e9s en el arom\u00e1tico nacional y adquiri\u00f3 el 22 por ciento del total de la cosecha, en donde Jap\u00f3n alcanz\u00f3 11 por ciento; Corea del Sur, 5 por ciento, y la Rep\u00fablica Popular de China, 3 por ciento. En cuanto al mercado europeo, represent\u00f3 el 22 por ciento y se compar\u00f3 con el asi\u00e1tico, donde B\u00e9lgica lider\u00f3 con un 8 por ciento, seguido de Italia y Alemania, con 4 por ciento. Anacaf\u00e9 indic\u00f3 que mediante un diagn\u00f3stico determin\u00f3 que la caficultura carec\u00eda de rentabilidad y, como respuesta a los resultados obtenidos, implement\u00f3 el Programa Rentabilidad Sustentable, con vistas a que los productores pudieran generar recursos econ\u00f3micos, sociales y ambientales, con \u00e9nfasis en el \u00e1rea rural del pa\u00eds. (Diario de Centro Am\u00e9rica 25.10.22)<\/p>\n","protected":false},"excerpt":{"rendered":"<p>El a\u00f1o cafetalero concluy\u00f3 el pasado 30 de septiembre y, seg\u00fan la Asociaci\u00f3n Nacional del Caf\u00e9 (Anacaf\u00e9), se logr\u00f3 una exportaci\u00f3n de m\u00e1s de US $1.1 millardos con destino al mercado norteamericano, lo que&#46;&#46;&#46;<\/p>\n","protected":false},"author":1,"featured_media":48350,"comment_status":"open","ping_status":"closed","sticky":false,"template":"","format":"standard","meta":{"footnotes":""},"categories":[24,30],"tags":[251,7946],"class_list":["post-55250","post","type-post","status-publish","format-standard","has-post-thumbnail","hentry","category-comercio-exterior","category-exportaciones-de-cafe","tag-anacafe","tag-norteamerica"],"_links":{"self":[{"href":"https:\/\/copades.com\/monec\/index.php?rest_route=\/wp\/v2\/posts\/55250","targetHints":{"allow":["GET"]}}],"collection":[{"href":"https:\/\/copades.com\/monec\/index.php?rest_route=\/wp\/v2\/posts"}],"about":[{"href":"https:\/\/copades.com\/monec\/index.php?rest_route=\/wp\/v2\/types\/post"}],"author":[{"embeddable":true,"href":"https:\/\/copades.com\/monec\/index.php?rest_route=\/wp\/v2\/users\/1"}],"replies":[{"embeddable":true,"href":"https:\/\/copades.com\/monec\/index.php?rest_route=%2Fwp%2Fv2%2Fcomments&post=55250"}],"version-history":[{"count":1,"href":"https:\/\/copades.com\/monec\/index.php?rest_route=\/wp\/v2\/posts\/55250\/revisions"}],"predecessor-version":[{"id":55251,"href":"https:\/\/copades.com\/monec\/index.php?rest_route=\/wp\/v2\/posts\/55250\/revisions\/55251"}],"wp:featuredmedia":[{"embeddable":true,"href":"https:\/\/copades.com\/monec\/index.php?rest_route=\/wp\/v2\/media\/48350"}],"wp:attachment":[{"href":"https:\/\/copades.com\/monec\/index.php?rest_route=%2Fwp%2Fv2%2Fmedia&parent=55250"}],"wp:term":[{"taxonomy":"category","embeddable":true,"href":"https:\/\/copades.com\/monec\/index.php?rest_route=%2Fwp%2Fv2%2Fcategories&post=55250"},{"taxonomy":"post_tag","embeddable":true,"href":"https:\/\/copades.com\/monec\/index.php?rest_route=%2Fwp%2Fv2%2Ftags&post=55250"}],"curies":[{"name":"wp","href":"https:\/\/api.w.org\/{rel}","templated":true}]}}