{"id":55423,"date":"2022-11-07T13:51:25","date_gmt":"2022-11-07T19:51:25","guid":{"rendered":"https:\/\/copades.com\/monec\/?p=55423"},"modified":"2022-11-15T13:54:01","modified_gmt":"2022-11-15T19:54:01","slug":"crean-el-consejo-de-la-industria-electrica","status":"publish","type":"post","link":"https:\/\/copades.com\/monec\/?p=55423","title":{"rendered":"Crean el Consejo de la Industria El\u00e9ctrica"},"content":{"rendered":"<p style=\"text-align: justify;\">Para fortalecer el modelo que desde hace m\u00e1s de dos d\u00e9cadas impulsa Guatemala para el desarrollo del sector el\u00e9ctrico, las industrias que forman parte de esta actividad presentaron el Consejo de la Industria El\u00e9ctrica (CIE) para abordar en conjunto los desaf\u00edos actuales. Abordar los temas de la electrificaci\u00f3n del pa\u00eds, el cobro del alumbrado p\u00fablico, la conflictividad que ha retrasado algunos proyectos, la consulta del Convenio 169 de la Organizaci\u00f3n Internacional del Trabajo (OIT) y otros retos del mercado el\u00e9ctrico, ser\u00e1n parte del quehacer del CIE. En la nueva entidad participan la Asociaci\u00f3n de Generadores con Energ\u00eda Renovable (AGER); la Asociaci\u00f3n de Cogeneradores Independientes de Guatemala (ACI); la Asociaci\u00f3n Guatemalteca de Transportistas de Electricidad (AGTE); Industria Energ\u00e9tica Asociada (IEA); Empresa El\u00e9ctrica de Guatemala, S. A. (EEGSA) y Energuate. V\u00edctor Asturias, director ejecutivo de la CIE, coment\u00f3 que la energ\u00eda el\u00e9ctrica potencia el crecimiento de la econom\u00eda y permite el acceso a servicios b\u00e1sicos como salud, alimentaci\u00f3n, educaci\u00f3n y tecnolog\u00eda. La misi\u00f3n del CIE es impulsar el trabajo conjunto por la certeza del marco jur\u00eddico y el ordenado funcionamiento del mercado el\u00e9ctrico para asegurar el suministro estable, accesible y de calidad. Con el modelo del sector el\u00e9ctrico se ha logrado tener tarifas competitivas, suficiente capacidad instalada de generaci\u00f3n para atender la demanda, diversificar la matriz energ\u00e9tica y ser el principal exportador de energ\u00eda en Centroam\u00e9rica, se\u00f1al\u00f3 el CIE. (El Peri\u00f3dico 07.11.22)<\/p>\n","protected":false},"excerpt":{"rendered":"<p>Para fortalecer el modelo que desde hace m\u00e1s de dos d\u00e9cadas impulsa Guatemala para el desarrollo del sector el\u00e9ctrico, las industrias que forman parte de esta actividad presentaron el Consejo de la Industria El\u00e9ctrica&#46;&#46;&#46;<\/p>\n","protected":false},"author":1,"featured_media":51510,"comment_status":"open","ping_status":"closed","sticky":false,"template":"","format":"standard","meta":{"footnotes":""},"categories":[5,14],"tags":[2188,7591,7931,162,7962,494],"class_list":["post-55423","post","type-post","status-publish","format-standard","has-post-thumbnail","hentry","category-actividad-productiva","category-energia-electrica","tag-ager","tag-agte","tag-cie","tag-eegsa","tag-iea","tag-oit"],"_links":{"self":[{"href":"https:\/\/copades.com\/monec\/index.php?rest_route=\/wp\/v2\/posts\/55423","targetHints":{"allow":["GET"]}}],"collection":[{"href":"https:\/\/copades.com\/monec\/index.php?rest_route=\/wp\/v2\/posts"}],"about":[{"href":"https:\/\/copades.com\/monec\/index.php?rest_route=\/wp\/v2\/types\/post"}],"author":[{"embeddable":true,"href":"https:\/\/copades.com\/monec\/index.php?rest_route=\/wp\/v2\/users\/1"}],"replies":[{"embeddable":true,"href":"https:\/\/copades.com\/monec\/index.php?rest_route=%2Fwp%2Fv2%2Fcomments&post=55423"}],"version-history":[{"count":1,"href":"https:\/\/copades.com\/monec\/index.php?rest_route=\/wp\/v2\/posts\/55423\/revisions"}],"predecessor-version":[{"id":55424,"href":"https:\/\/copades.com\/monec\/index.php?rest_route=\/wp\/v2\/posts\/55423\/revisions\/55424"}],"wp:featuredmedia":[{"embeddable":true,"href":"https:\/\/copades.com\/monec\/index.php?rest_route=\/wp\/v2\/media\/51510"}],"wp:attachment":[{"href":"https:\/\/copades.com\/monec\/index.php?rest_route=%2Fwp%2Fv2%2Fmedia&parent=55423"}],"wp:term":[{"taxonomy":"category","embeddable":true,"href":"https:\/\/copades.com\/monec\/index.php?rest_route=%2Fwp%2Fv2%2Fcategories&post=55423"},{"taxonomy":"post_tag","embeddable":true,"href":"https:\/\/copades.com\/monec\/index.php?rest_route=%2Fwp%2Fv2%2Ftags&post=55423"}],"curies":[{"name":"wp","href":"https:\/\/api.w.org\/{rel}","templated":true}]}}