{"id":55586,"date":"2022-11-17T12:48:08","date_gmt":"2022-11-17T18:48:08","guid":{"rendered":"https:\/\/copades.com\/monec\/?p=55586"},"modified":"2022-11-21T12:50:01","modified_gmt":"2022-11-21T18:50:01","slug":"cutrigua-interpone-amparo-ante-bloqueos","status":"publish","type":"post","link":"https:\/\/copades.com\/monec\/?p=55586","title":{"rendered":"Cutrigua interpone amparo ante bloqueos"},"content":{"rendered":"<p style=\"text-align: justify;\">El sector empresarial manifest\u00f3 ayer su \u201cpreocupaci\u00f3n\u201d ante las p\u00e9rdidas que podr\u00eda tener el transporte de mercanc\u00edas debido a los bloqueos que por tercer d\u00eda consecutivo continuaban ayer en diferentes puntos fronterizos, aduanas y rutas principales del pa\u00eds. En una conferencia de prensa, el Consejo de Usuarios del Transporte Internacional de Guatemala (Cutrigua) dijo que el pasado martes present\u00f3 un amparo ante la Corte de Constitucionalidad para que retiren los bloqueos de carreteras. Por otra parte, el Comit\u00e9 Coordinador de Asociaciones Agr\u00edcolas, Comerciales, Industriales y Financieras (CACIF) manifest\u00f3 en un comunicado que ante la situaci\u00f3n se debe mantener el di\u00e1logo, para no afectar el proceso de recuperaci\u00f3n econ\u00f3mica del pa\u00eds. Desde el pasado lunes la Coordinadora de Transporte de San Marcos, Totonicap\u00e1n y Quetzaltenango, junto a otras asociaciones de transporte colectivo y pesado, convocaron a bloqueos para exigir soluci\u00f3n al alto costo de los combustibles y la canasta b\u00e1sica. (El Peri\u00f3dico 17.11.22)<\/p>\n","protected":false},"excerpt":{"rendered":"<p>El sector empresarial manifest\u00f3 ayer su \u201cpreocupaci\u00f3n\u201d ante las p\u00e9rdidas que podr\u00eda tener el transporte de mercanc\u00edas debido a los bloqueos que por tercer d\u00eda consecutivo continuaban ayer en diferentes puntos fronterizos, aduanas y&#46;&#46;&#46;<\/p>\n","protected":false},"author":1,"featured_media":51410,"comment_status":"open","ping_status":"closed","sticky":false,"template":"","format":"standard","meta":{"footnotes":""},"categories":[5,22],"tags":[250,2453],"class_list":["post-55586","post","type-post","status-publish","format-standard","has-post-thumbnail","hentry","category-actividad-productiva","category-transporte-y-almacenamiento","tag-cacif","tag-cutrigua"],"_links":{"self":[{"href":"https:\/\/copades.com\/monec\/index.php?rest_route=\/wp\/v2\/posts\/55586","targetHints":{"allow":["GET"]}}],"collection":[{"href":"https:\/\/copades.com\/monec\/index.php?rest_route=\/wp\/v2\/posts"}],"about":[{"href":"https:\/\/copades.com\/monec\/index.php?rest_route=\/wp\/v2\/types\/post"}],"author":[{"embeddable":true,"href":"https:\/\/copades.com\/monec\/index.php?rest_route=\/wp\/v2\/users\/1"}],"replies":[{"embeddable":true,"href":"https:\/\/copades.com\/monec\/index.php?rest_route=%2Fwp%2Fv2%2Fcomments&post=55586"}],"version-history":[{"count":1,"href":"https:\/\/copades.com\/monec\/index.php?rest_route=\/wp\/v2\/posts\/55586\/revisions"}],"predecessor-version":[{"id":55587,"href":"https:\/\/copades.com\/monec\/index.php?rest_route=\/wp\/v2\/posts\/55586\/revisions\/55587"}],"wp:featuredmedia":[{"embeddable":true,"href":"https:\/\/copades.com\/monec\/index.php?rest_route=\/wp\/v2\/media\/51410"}],"wp:attachment":[{"href":"https:\/\/copades.com\/monec\/index.php?rest_route=%2Fwp%2Fv2%2Fmedia&parent=55586"}],"wp:term":[{"taxonomy":"category","embeddable":true,"href":"https:\/\/copades.com\/monec\/index.php?rest_route=%2Fwp%2Fv2%2Fcategories&post=55586"},{"taxonomy":"post_tag","embeddable":true,"href":"https:\/\/copades.com\/monec\/index.php?rest_route=%2Fwp%2Fv2%2Ftags&post=55586"}],"curies":[{"name":"wp","href":"https:\/\/api.w.org\/{rel}","templated":true}]}}