{"id":55614,"date":"2022-11-18T15:53:59","date_gmt":"2022-11-18T21:53:59","guid":{"rendered":"https:\/\/copades.com\/monec\/?p=55614"},"modified":"2022-11-21T16:07:59","modified_gmt":"2022-11-21T22:07:59","slug":"alcanzan-acuerdos-en-iniciativa-de-ley","status":"publish","type":"post","link":"https:\/\/copades.com\/monec\/?p=55614","title":{"rendered":"Alcanzan acuerdos en iniciativa de ley"},"content":{"rendered":"<p style=\"text-align: justify;\">Diputados de la Comisi\u00f3n de Econom\u00eda y Comercio Exterior se reunieron con autoridades del Departamento de Regulaci\u00f3n y Control de Alimentos y Bebidas, del Ministerio de Salud, con el fin de avanzar en la discusi\u00f3n del Decreto 5-2021, que busca fortalecer la simplificaci\u00f3n de los tr\u00e1mites en el sector p\u00fablico. El presidente de la referida sala indic\u00f3 que se dar\u00e1 seguimiento al tema en las mesas de trabajo y continuar\u00e1n con la fiscalizaci\u00f3n de los avances de la propuesta, para lo cual convocar\u00e1n a instituciones p\u00fablicas y privadas. \u201cEn materia de alimentos, hemos priorizado tres tr\u00e1mites: el registro sanitario, el de fortificados y el de vigilancia\u201d, refiri\u00f3 <strong>Claudia Garc\u00eda<\/strong>, representante del Laboratorio de Salud de la cartera sanitaria. En la reuni\u00f3n participaron funcionarios de la Comisi\u00f3n Presidencial de Gobierno Abierto y Electr\u00f3nico, del Sistema de Informaci\u00f3n Gerencial de Salud, del Laboratorio Nacional de Salud y representantes de las c\u00e1maras de Comercio e Industria. (Diario de Centro Am\u00e9rica 18.11.22)<\/p>\n","protected":false},"excerpt":{"rendered":"<p>Diputados de la Comisi\u00f3n de Econom\u00eda y Comercio Exterior se reunieron con autoridades del Departamento de Regulaci\u00f3n y Control de Alimentos y Bebidas, del Ministerio de Salud, con el fin de avanzar en la&#46;&#46;&#46;<\/p>\n","protected":false},"author":1,"featured_media":52123,"comment_status":"open","ping_status":"closed","sticky":false,"template":"","format":"standard","meta":{"footnotes":""},"categories":[4],"tags":[6849],"class_list":["post-55614","post","type-post","status-publish","format-standard","has-post-thumbnail","hentry","category-actividad-legislativa","tag-comision-de-economia-y-comercio-exterior"],"_links":{"self":[{"href":"https:\/\/copades.com\/monec\/index.php?rest_route=\/wp\/v2\/posts\/55614","targetHints":{"allow":["GET"]}}],"collection":[{"href":"https:\/\/copades.com\/monec\/index.php?rest_route=\/wp\/v2\/posts"}],"about":[{"href":"https:\/\/copades.com\/monec\/index.php?rest_route=\/wp\/v2\/types\/post"}],"author":[{"embeddable":true,"href":"https:\/\/copades.com\/monec\/index.php?rest_route=\/wp\/v2\/users\/1"}],"replies":[{"embeddable":true,"href":"https:\/\/copades.com\/monec\/index.php?rest_route=%2Fwp%2Fv2%2Fcomments&post=55614"}],"version-history":[{"count":1,"href":"https:\/\/copades.com\/monec\/index.php?rest_route=\/wp\/v2\/posts\/55614\/revisions"}],"predecessor-version":[{"id":55615,"href":"https:\/\/copades.com\/monec\/index.php?rest_route=\/wp\/v2\/posts\/55614\/revisions\/55615"}],"wp:featuredmedia":[{"embeddable":true,"href":"https:\/\/copades.com\/monec\/index.php?rest_route=\/wp\/v2\/media\/52123"}],"wp:attachment":[{"href":"https:\/\/copades.com\/monec\/index.php?rest_route=%2Fwp%2Fv2%2Fmedia&parent=55614"}],"wp:term":[{"taxonomy":"category","embeddable":true,"href":"https:\/\/copades.com\/monec\/index.php?rest_route=%2Fwp%2Fv2%2Fcategories&post=55614"},{"taxonomy":"post_tag","embeddable":true,"href":"https:\/\/copades.com\/monec\/index.php?rest_route=%2Fwp%2Fv2%2Ftags&post=55614"}],"curies":[{"name":"wp","href":"https:\/\/api.w.org\/{rel}","templated":true}]}}