{"id":55630,"date":"2022-11-18T08:12:32","date_gmt":"2022-11-18T14:12:32","guid":{"rendered":"https:\/\/copades.com\/monec\/?p=55630"},"modified":"2022-11-22T08:20:23","modified_gmt":"2022-11-22T14:20:23","slug":"nancy-pelosi-dejara-de-liderar-a-los-democratas-en-el-congreso","status":"publish","type":"post","link":"https:\/\/copades.com\/monec\/?p=55630","title":{"rendered":"Nancy Pelosi dejar\u00e1 de liderar a los dem\u00f3cratas en el Congreso"},"content":{"rendered":"<p style=\"text-align: justify;\">La dem\u00f3crata Nancy Pelosi, influyente figura de la escena pol\u00edtica de Washington y presidenta de la C\u00e1mara de Representantes de EE. UU. dijo ayer que dejar\u00e1 de liderar a su partido cuando los republicanos tomen el control del cuerpo en enero. \u201cNo buscar\u00e9 la reelecci\u00f3n al liderazgo dem\u00f3crata en la pr\u00f3xima legislatura\u201d, dijo la dirigente pol\u00edtica de 82 a\u00f1os en un discurso en el hemiciclo, pues quiere dar paso a \u201cuna nueva generaci\u00f3n\u201d. El presidente <strong>Joe Biden<\/strong> inmediatamente la elogi\u00f3, calific\u00e1ndola de \u201cferoz defensora de la democracia\u201d y se\u00f1alando que los estadounidenses tienen con ella una \u201cprofunda deuda de gratitud\u201d. Pelosi repas\u00f3 recuerdos de sus 35 a\u00f1os en la C\u00e1mara Baja. En su alocuci\u00f3n record\u00f3 cuando visit\u00f3 por primera vez con seis a\u00f1os el edificio del Capitolio: \u201cNunca pens\u00e9 que alg\u00fan d\u00eda pasar\u00eda de ser ama de casa a presidenta de la C\u00e1mara Baja\u201d, reconoci\u00f3. Pelosi, la primera mujer en ocupar el puesto de presidente de la C\u00e1mara de Representantes, denominado \u201cspeaker\u201d, tambi\u00e9n habl\u00f3 sobre tiempos m\u00e1s oscuros, como el asalto al Capitolio el 6 de enero de 2021 por parte de partidarios del expresidente republicano Donald Trump. \u201cLa democracia estadounidense es majestuosa, pero fr\u00e1gil\u201d, advirti\u00f3. Desde enero seguir\u00e1 ocupando su esca\u00f1o en la C\u00e1mara, pero como representante de California. Pelosi detenta desde enero de 2019 el cargo de \u201cspeaker\u201d de la C\u00e1mara Baja, tercer puesto en la jerarqu\u00eda pol\u00edtica de EE. UU. despu\u00e9s de los de presidente y vicepresidente. Buena estratega pol\u00edtica, es conocida por ser la primera opositora de Trump, a quien combati\u00f3 cuando este estuvo en la Casa Blanca (2017-2021). (El Peri\u00f3dico 18.11.22)<\/p>\n","protected":false},"excerpt":{"rendered":"<p>La dem\u00f3crata Nancy Pelosi, influyente figura de la escena pol\u00edtica de Washington y presidenta de la C\u00e1mara de Representantes de EE. UU. dijo ayer que dejar\u00e1 de liderar a su partido cuando los republicanos&#46;&#46;&#46;<\/p>\n","protected":false},"author":1,"featured_media":55631,"comment_status":"open","ping_status":"closed","sticky":false,"template":"","format":"standard","meta":{"footnotes":""},"categories":[55],"tags":[7188,7984],"class_list":["post-55630","post","type-post","status-publish","format-standard","has-post-thumbnail","hentry","category-internacionales-seleccion","tag-camara-de-representantes-de-ee-uu","tag-nancy-pelosi"],"_links":{"self":[{"href":"https:\/\/copades.com\/monec\/index.php?rest_route=\/wp\/v2\/posts\/55630","targetHints":{"allow":["GET"]}}],"collection":[{"href":"https:\/\/copades.com\/monec\/index.php?rest_route=\/wp\/v2\/posts"}],"about":[{"href":"https:\/\/copades.com\/monec\/index.php?rest_route=\/wp\/v2\/types\/post"}],"author":[{"embeddable":true,"href":"https:\/\/copades.com\/monec\/index.php?rest_route=\/wp\/v2\/users\/1"}],"replies":[{"embeddable":true,"href":"https:\/\/copades.com\/monec\/index.php?rest_route=%2Fwp%2Fv2%2Fcomments&post=55630"}],"version-history":[{"count":1,"href":"https:\/\/copades.com\/monec\/index.php?rest_route=\/wp\/v2\/posts\/55630\/revisions"}],"predecessor-version":[{"id":55632,"href":"https:\/\/copades.com\/monec\/index.php?rest_route=\/wp\/v2\/posts\/55630\/revisions\/55632"}],"wp:featuredmedia":[{"embeddable":true,"href":"https:\/\/copades.com\/monec\/index.php?rest_route=\/wp\/v2\/media\/55631"}],"wp:attachment":[{"href":"https:\/\/copades.com\/monec\/index.php?rest_route=%2Fwp%2Fv2%2Fmedia&parent=55630"}],"wp:term":[{"taxonomy":"category","embeddable":true,"href":"https:\/\/copades.com\/monec\/index.php?rest_route=%2Fwp%2Fv2%2Fcategories&post=55630"},{"taxonomy":"post_tag","embeddable":true,"href":"https:\/\/copades.com\/monec\/index.php?rest_route=%2Fwp%2Fv2%2Ftags&post=55630"}],"curies":[{"name":"wp","href":"https:\/\/api.w.org\/{rel}","templated":true}]}}