{"id":55638,"date":"2022-11-21T08:48:52","date_gmt":"2022-11-21T14:48:52","guid":{"rendered":"https:\/\/copades.com\/monec\/?p=55638"},"modified":"2022-11-22T08:53:17","modified_gmt":"2022-11-22T14:53:17","slug":"la-economia-sostenible-que-impulsa-europa-fija-retos-a-las-empresas-exportadoras","status":"publish","type":"post","link":"https:\/\/copades.com\/monec\/?p=55638","title":{"rendered":"La econom\u00eda sostenible que impulsa Europa fija retos a las empresas exportadoras"},"content":{"rendered":"<p style=\"text-align: justify;\">Uno de los puntos centrales del Pacto Verde Europeo es contar con un sistema alimentario justo, saludable y respetuoso del medio ambiente que se impulsa con la estrategia De la Granja a la Mesa. Pero para los exportadores representa desaf\u00edos que cumplir para continuar vendiendo los productos a los consumidores europeos. Entre los compromisos que se tienen, por ejemplo, la Agencia Europea de Medicamentos (EMA) en el informe publicado la semana pasada indic\u00f3 que en el periodo de 2011 a 2021 en ese continente se redujo en 47 por ciento las ventas de antibi\u00f3ticos de uso animal, siendo un esfuerzo dentro de esta cadena de producci\u00f3n que involucra a los anima les de granja y la acuicultura. Con estas nuevas regulaciones los pa\u00edses y las empresas que comercializan los productos a Europa deben prepararse para continuar exportando, coment\u00f3 <strong>Fanny D. Estrada<\/strong>, directora de Relaciones Institucionales de la Asociaci\u00f3n Guatemalteca de Exportadores (Agexport). Hay normativas como el reglamento de reforestaci\u00f3n que implica demostrar que los productos que se comercializan a Europa est\u00e1n libres de deforestaciones, explic\u00f3 Estrada. Esto aplicar\u00eda a productos como el caf\u00e9, cacao y palma africana, que en el pa\u00eds, para los dos primeros, se reforesta para que con esos \u00e1rboles se proteja la calidad de los cultivos, indic\u00f3. Al respecto, la Organizaci\u00f3n de Naciones Unidas para la Alimentaci\u00f3n y la Agricultura ha se\u00f1alado que a nivel mundial la conversi\u00f3n de bosques en tierras de cultivo, sobre todo en palma y soja, es la principal causa de la deforestaci\u00f3n, as\u00ed como el pastoreo de ganado. (El Peri\u00f3dico 21.11.22)<\/p>\n","protected":false},"excerpt":{"rendered":"<p>Uno de los puntos centrales del Pacto Verde Europeo es contar con un sistema alimentario justo, saludable y respetuoso del medio ambiente que se impulsa con la estrategia De la Granja a la Mesa.&#46;&#46;&#46;<\/p>\n","protected":false},"author":1,"featured_media":55639,"comment_status":"open","ping_status":"closed","sticky":false,"template":"","format":"standard","meta":{"footnotes":""},"categories":[24,26],"tags":[181,1988],"class_list":["post-55638","post","type-post","status-publish","format-standard","has-post-thumbnail","hentry","category-comercio-exterior","category-exportaciones","tag-agexport","tag-ema"],"_links":{"self":[{"href":"https:\/\/copades.com\/monec\/index.php?rest_route=\/wp\/v2\/posts\/55638","targetHints":{"allow":["GET"]}}],"collection":[{"href":"https:\/\/copades.com\/monec\/index.php?rest_route=\/wp\/v2\/posts"}],"about":[{"href":"https:\/\/copades.com\/monec\/index.php?rest_route=\/wp\/v2\/types\/post"}],"author":[{"embeddable":true,"href":"https:\/\/copades.com\/monec\/index.php?rest_route=\/wp\/v2\/users\/1"}],"replies":[{"embeddable":true,"href":"https:\/\/copades.com\/monec\/index.php?rest_route=%2Fwp%2Fv2%2Fcomments&post=55638"}],"version-history":[{"count":1,"href":"https:\/\/copades.com\/monec\/index.php?rest_route=\/wp\/v2\/posts\/55638\/revisions"}],"predecessor-version":[{"id":55640,"href":"https:\/\/copades.com\/monec\/index.php?rest_route=\/wp\/v2\/posts\/55638\/revisions\/55640"}],"wp:featuredmedia":[{"embeddable":true,"href":"https:\/\/copades.com\/monec\/index.php?rest_route=\/wp\/v2\/media\/55639"}],"wp:attachment":[{"href":"https:\/\/copades.com\/monec\/index.php?rest_route=%2Fwp%2Fv2%2Fmedia&parent=55638"}],"wp:term":[{"taxonomy":"category","embeddable":true,"href":"https:\/\/copades.com\/monec\/index.php?rest_route=%2Fwp%2Fv2%2Fcategories&post=55638"},{"taxonomy":"post_tag","embeddable":true,"href":"https:\/\/copades.com\/monec\/index.php?rest_route=%2Fwp%2Fv2%2Ftags&post=55638"}],"curies":[{"name":"wp","href":"https:\/\/api.w.org\/{rel}","templated":true}]}}