{"id":55657,"date":"2022-11-22T16:31:47","date_gmt":"2022-11-22T22:31:47","guid":{"rendered":"https:\/\/copades.com\/monec\/?p=55657"},"modified":"2022-11-24T16:34:01","modified_gmt":"2022-11-24T22:34:01","slug":"en-la-region-crecera-la-desigualdad","status":"publish","type":"post","link":"https:\/\/copades.com\/monec\/?p=55657","title":{"rendered":"En la regi\u00f3n crecer\u00e1 la desigualdad"},"content":{"rendered":"<p style=\"text-align: justify;\">La Comisi\u00f3n Econ\u00f3mica para Am\u00e9rica Latina y el Caribe (CEPAL) estima que este a\u00f1o Guatemala tendr\u00e1 un crecimiento de 3.7 por ciento, levemente por debajo del cuatro por ciento que proyecta el banco central, previo a la revisi\u00f3n que har\u00e1 en las pr\u00f3ximas semanas. El escenario internacional provee de mucha incertidumbre a las econom\u00edas centroamericanas, seg\u00fan se\u00f1al\u00f3 el Fondo Monetario Internacional (FMI), aspecto que resalt\u00f3 el Banco de Guatemala (Banguat) en el informe de pol\u00edtica monetaria a septiembre de este a\u00f1o, publicado este mes. En el documento se se\u00f1ala que la actividad econ\u00f3mica ha sido moderada y se suman riesgos como el aumento de la inflaci\u00f3n y el bajo desempe\u00f1o del mercado laboral que son factores \u201cque en conjunto podr\u00edan aumentar los niveles de pobreza\u201d, adem\u00e1s de empeorar la desigualdad econ\u00f3mica. A los riesgos internacionales, se a\u00f1ade un contexto estructural que se caracteriza por los altos niveles de econom\u00eda informal, escasa inversi\u00f3n y un deficiente acceso a los servicios p\u00fablicos e infraestructura, indica el informe del Banguat que hace referencia al documento publicado por el FMI. Para la CEPAL otros de los desaf\u00edos de los pa\u00edses de la regi\u00f3n es la p\u00e9rdida de dinamismo de los principales socios comerciales y las condiciones restrictivas del financiamiento por el aumento de las tasas de inter\u00e9s internacionales y locales. El pa\u00eds tambi\u00e9n ha hecho ajustes a la tasa de inter\u00e9s l\u00edder. Ante las condiciones restrictivas de la pol\u00edtica monetaria ser\u00e1 necesario aumentar la inversi\u00f3n en el capital humano, infraestructura, tecnolog\u00eda y para mitigar los efectos del cambio clim\u00e1tico para contribuir con el crecimiento de la econom\u00eda y la de la productividad a mediano plazo, se\u00f1ala el informe publicado por el banco central. (El Peri\u00f3dico 22.11.22)<\/p>\n","protected":false},"excerpt":{"rendered":"<p>La Comisi\u00f3n Econ\u00f3mica para Am\u00e9rica Latina y el Caribe (CEPAL) estima que este a\u00f1o Guatemala tendr\u00e1 un crecimiento de 3.7 por ciento, levemente por debajo del cuatro por ciento que proyecta el banco central,&#46;&#46;&#46;<\/p>\n","protected":false},"author":1,"featured_media":51207,"comment_status":"open","ping_status":"closed","sticky":false,"template":"","format":"standard","meta":{"footnotes":""},"categories":[9,5],"tags":[92,141,98],"class_list":["post-55657","post","type-post","status-publish","format-standard","has-post-thumbnail","hentry","category-actividad-productiva-actividad-productiva","category-actividad-productiva","tag-banguat","tag-cepal","tag-fmi"],"_links":{"self":[{"href":"https:\/\/copades.com\/monec\/index.php?rest_route=\/wp\/v2\/posts\/55657","targetHints":{"allow":["GET"]}}],"collection":[{"href":"https:\/\/copades.com\/monec\/index.php?rest_route=\/wp\/v2\/posts"}],"about":[{"href":"https:\/\/copades.com\/monec\/index.php?rest_route=\/wp\/v2\/types\/post"}],"author":[{"embeddable":true,"href":"https:\/\/copades.com\/monec\/index.php?rest_route=\/wp\/v2\/users\/1"}],"replies":[{"embeddable":true,"href":"https:\/\/copades.com\/monec\/index.php?rest_route=%2Fwp%2Fv2%2Fcomments&post=55657"}],"version-history":[{"count":1,"href":"https:\/\/copades.com\/monec\/index.php?rest_route=\/wp\/v2\/posts\/55657\/revisions"}],"predecessor-version":[{"id":55658,"href":"https:\/\/copades.com\/monec\/index.php?rest_route=\/wp\/v2\/posts\/55657\/revisions\/55658"}],"wp:featuredmedia":[{"embeddable":true,"href":"https:\/\/copades.com\/monec\/index.php?rest_route=\/wp\/v2\/media\/51207"}],"wp:attachment":[{"href":"https:\/\/copades.com\/monec\/index.php?rest_route=%2Fwp%2Fv2%2Fmedia&parent=55657"}],"wp:term":[{"taxonomy":"category","embeddable":true,"href":"https:\/\/copades.com\/monec\/index.php?rest_route=%2Fwp%2Fv2%2Fcategories&post=55657"},{"taxonomy":"post_tag","embeddable":true,"href":"https:\/\/copades.com\/monec\/index.php?rest_route=%2Fwp%2Fv2%2Ftags&post=55657"}],"curies":[{"name":"wp","href":"https:\/\/api.w.org\/{rel}","templated":true}]}}