{"id":55661,"date":"2022-11-22T16:35:52","date_gmt":"2022-11-22T22:35:52","guid":{"rendered":"https:\/\/copades.com\/monec\/?p=55661"},"modified":"2022-11-24T16:38:01","modified_gmt":"2022-11-24T22:38:01","slug":"porcicultura-aporta-el-2-8-por-ciento-del-pib","status":"publish","type":"post","link":"https:\/\/copades.com\/monec\/?p=55661","title":{"rendered":"Porcicultura aporta el 2.8 por ciento del PIB"},"content":{"rendered":"<p style=\"text-align: justify;\">La crianza, alimentaci\u00f3n y comercializaci\u00f3n de cerdos aporta el 2.8 por ciento del producto interno bruto (PIB), inform\u00f3 el Ministerio de Agricultura, Ganader\u00eda y Alimentaci\u00f3n (MAGA), durante un congreso que promovi\u00f3 la actualizaci\u00f3n y desarrollo de este sector productivo. \u201cLa porcicultura colabora con el 2.8 por ciento del PIB y el 15.8 por ciento del PIB Agropecuario. Supera los 60 mil empleos directos y los 200 mil indirectos\u201d, refiere la citada cartera. Tambi\u00e9n detall\u00f3 que el \u201cparque porcino nacional est\u00e1 integrado en un 30 por ciento por cerdos de granjas tecnificadas y 70 por ciento de traspatio\u201d. Durante el encuentro, el viceministro de Sanidad Agropecuaria y Regulaciones del MAGA, <strong>V\u00edctor Hugo Guzm\u00e1n<\/strong>, destac\u00f3 que gracias a las alianzas p\u00fablico-privadas y el apoyo del Organismo Internacional Regional de Sanidad Agropecuaria (Oirsa), Guatemala tiene bajo protecci\u00f3n sanitaria a m\u00e1s de 1 mill\u00f3n de estos animales. De igual manera, refiri\u00f3 las acciones de vigilancia epidemiol\u00f3gica como un elemento clave para proteger la crianza ante la Peste Porcina Africana, Peste Porcina Cl\u00e1sica, S\u00edndrome Respiratorio y Reproductivo Porcino, Cisticercosis Porcina y Gastroenteritis Transmisible, Fiebre Aftosa, entre otras. (Diario de Centro Am\u00e9rica 22.11.22)<\/p>\n","protected":false},"excerpt":{"rendered":"<p>La crianza, alimentaci\u00f3n y comercializaci\u00f3n de cerdos aporta el 2.8 por ciento del producto interno bruto (PIB), inform\u00f3 el Ministerio de Agricultura, Ganader\u00eda y Alimentaci\u00f3n (MAGA), durante un congreso que promovi\u00f3 la actualizaci\u00f3n y&#46;&#46;&#46;<\/p>\n","protected":false},"author":1,"featured_media":48759,"comment_status":"open","ping_status":"closed","sticky":false,"template":"","format":"standard","meta":{"footnotes":""},"categories":[5,15],"tags":[289,2252,142],"class_list":["post-55661","post","type-post","status-publish","format-standard","has-post-thumbnail","hentry","category-actividad-productiva","category-ganaderia-silvicultura-pesca","tag-maga","tag-oirsa","tag-pib"],"_links":{"self":[{"href":"https:\/\/copades.com\/monec\/index.php?rest_route=\/wp\/v2\/posts\/55661","targetHints":{"allow":["GET"]}}],"collection":[{"href":"https:\/\/copades.com\/monec\/index.php?rest_route=\/wp\/v2\/posts"}],"about":[{"href":"https:\/\/copades.com\/monec\/index.php?rest_route=\/wp\/v2\/types\/post"}],"author":[{"embeddable":true,"href":"https:\/\/copades.com\/monec\/index.php?rest_route=\/wp\/v2\/users\/1"}],"replies":[{"embeddable":true,"href":"https:\/\/copades.com\/monec\/index.php?rest_route=%2Fwp%2Fv2%2Fcomments&post=55661"}],"version-history":[{"count":1,"href":"https:\/\/copades.com\/monec\/index.php?rest_route=\/wp\/v2\/posts\/55661\/revisions"}],"predecessor-version":[{"id":55662,"href":"https:\/\/copades.com\/monec\/index.php?rest_route=\/wp\/v2\/posts\/55661\/revisions\/55662"}],"wp:featuredmedia":[{"embeddable":true,"href":"https:\/\/copades.com\/monec\/index.php?rest_route=\/wp\/v2\/media\/48759"}],"wp:attachment":[{"href":"https:\/\/copades.com\/monec\/index.php?rest_route=%2Fwp%2Fv2%2Fmedia&parent=55661"}],"wp:term":[{"taxonomy":"category","embeddable":true,"href":"https:\/\/copades.com\/monec\/index.php?rest_route=%2Fwp%2Fv2%2Fcategories&post=55661"},{"taxonomy":"post_tag","embeddable":true,"href":"https:\/\/copades.com\/monec\/index.php?rest_route=%2Fwp%2Fv2%2Ftags&post=55661"}],"curies":[{"name":"wp","href":"https:\/\/api.w.org\/{rel}","templated":true}]}}