{"id":55685,"date":"2022-11-23T09:32:55","date_gmt":"2022-11-23T15:32:55","guid":{"rendered":"https:\/\/copades.com\/monec\/?p=55685"},"modified":"2022-11-28T09:35:59","modified_gmt":"2022-11-28T15:35:59","slug":"congreso-aprueba-q100-millones-para-ampliar-subsidio-al-gas","status":"publish","type":"post","link":"https:\/\/copades.com\/monec\/?p=55685","title":{"rendered":"Congreso aprueba Q100 millones para ampliar subsidio al gas"},"content":{"rendered":"<p style=\"text-align: justify;\">El Congreso de la Rep\u00fablica aprob\u00f3, con 104 votos, ampliar por dos meses m\u00e1s el subsidio para el gas propano. A trav\u00e9s del decreto 55-2022, los congresistas extendieron la vigencia de la asistencia hasta el 31 de enero de 2023. Por medio de una moci\u00f3n privilegiada planteada por el diputado oficialista y presidente de la Comisi\u00f3n Legislativa de Finanzas P\u00fablicas y Moneda, <strong>C\u00e1ndido Leal<\/strong>, los diputados dispusieron aprobar en una sola lectura \u2014urgencia nacional\u2014 el subsidio. En el decreto establecieron que los descuentos para el gas propano ser\u00e1 de Q8 para el cilindro de 10 libras, Q16 para el de 20 libras, Q20 para el de 25 libras y Q28 para el de 35 libras. Para dar la ayuda, los diputa dos decidieron disminuir activos financieros para ampliar en Q100 millones el presupuesto del Ministerio de Energ\u00eda y Minas. (El Peri\u00f3dico\/Diario de Centro Am\u00e9rica 23.11.22)<\/p>\n","protected":false},"excerpt":{"rendered":"<p>El Congreso de la Rep\u00fablica aprob\u00f3, con 104 votos, ampliar por dos meses m\u00e1s el subsidio para el gas propano. A trav\u00e9s del decreto 55-2022, los congresistas extendieron la vigencia de la asistencia hasta&#46;&#46;&#46;<\/p>\n","protected":false},"author":1,"featured_media":50718,"comment_status":"open","ping_status":"closed","sticky":false,"template":"","format":"standard","meta":{"footnotes":""},"categories":[41,39],"tags":[1128,7279],"class_list":["post-55685","post","type-post","status-publish","format-standard","has-post-thumbnail","hentry","category-finanzas-publicas","category-sector-publico","tag-congreso-de-la-republica","tag-subsidio"],"_links":{"self":[{"href":"https:\/\/copades.com\/monec\/index.php?rest_route=\/wp\/v2\/posts\/55685","targetHints":{"allow":["GET"]}}],"collection":[{"href":"https:\/\/copades.com\/monec\/index.php?rest_route=\/wp\/v2\/posts"}],"about":[{"href":"https:\/\/copades.com\/monec\/index.php?rest_route=\/wp\/v2\/types\/post"}],"author":[{"embeddable":true,"href":"https:\/\/copades.com\/monec\/index.php?rest_route=\/wp\/v2\/users\/1"}],"replies":[{"embeddable":true,"href":"https:\/\/copades.com\/monec\/index.php?rest_route=%2Fwp%2Fv2%2Fcomments&post=55685"}],"version-history":[{"count":1,"href":"https:\/\/copades.com\/monec\/index.php?rest_route=\/wp\/v2\/posts\/55685\/revisions"}],"predecessor-version":[{"id":55686,"href":"https:\/\/copades.com\/monec\/index.php?rest_route=\/wp\/v2\/posts\/55685\/revisions\/55686"}],"wp:featuredmedia":[{"embeddable":true,"href":"https:\/\/copades.com\/monec\/index.php?rest_route=\/wp\/v2\/media\/50718"}],"wp:attachment":[{"href":"https:\/\/copades.com\/monec\/index.php?rest_route=%2Fwp%2Fv2%2Fmedia&parent=55685"}],"wp:term":[{"taxonomy":"category","embeddable":true,"href":"https:\/\/copades.com\/monec\/index.php?rest_route=%2Fwp%2Fv2%2Fcategories&post=55685"},{"taxonomy":"post_tag","embeddable":true,"href":"https:\/\/copades.com\/monec\/index.php?rest_route=%2Fwp%2Fv2%2Ftags&post=55685"}],"curies":[{"name":"wp","href":"https:\/\/api.w.org\/{rel}","templated":true}]}}