{"id":55911,"date":"2022-12-09T16:04:06","date_gmt":"2022-12-09T22:04:06","guid":{"rendered":"https:\/\/copades.com\/monec\/?p=55911"},"modified":"2022-12-12T16:05:25","modified_gmt":"2022-12-12T22:05:25","slug":"sat-afirma-que-inclusion-de-sector-informal-beneficiara-la-recaudacion","status":"publish","type":"post","link":"https:\/\/copades.com\/monec\/?p=55911","title":{"rendered":"SAT afirma que inclusi\u00f3n de sector informal beneficiar\u00e1 la recaudaci\u00f3n"},"content":{"rendered":"<p style=\"text-align: justify;\">La iniciativa 6165 que dispone el ingreso al sistema tributario del comercio informal y otros sectores productivos fue presentada hoy por el Superintendente de la Administraci\u00f3n Tributaria (SAT), <strong>Marco Livio D\u00edaz <\/strong>a los jefes de bloque de distintas bancadas en el Congreso de la Rep\u00fablica para exponer los posibles motivos para que sea aprobada. A criterio de Marco Livio la propuesta de ley pretende bajar los impuestos a la cadena de comercializaci\u00f3n, ya que actualmente est\u00e1n en el 17% y al aprobarse la ley ser\u00eda una tarifa \u00fanica de 1.5%. \u201cCon los jefes de bloque se hizo una peque\u00f1a presentaci\u00f3n desde el punto de vista de la Superintendencia sobre la iniciativa de ley 6165 que es la Ley de productos primarios, esta pretende desgravar la cadena de productos alimenticios que, hoy dependiendo de las circunstancias del productor, comercializador y transportista podr\u00eda estar sujeta a tarifas del 17% o si es peque\u00f1o contribuyente estar\u00eda sujeto a una tarifa del 5%\u201d, explic\u00f3. Por ello, detall\u00f3 que la iniciativa ley pretende bajar los impuestos a toda esta cadena de comercializaci\u00f3n, \u201ccreo que es una ley que va a beneficiar a los sectores de productos agr\u00edcolas contrario a lo que han dicho, no se pretende gravarlos, ellos ya est\u00e1n gravados con tarifas mucho m\u00e1s altas\u201d. Al cuestionar en qu\u00e9 aportar\u00eda a la recaudaci\u00f3n tributaria, Livio D\u00edaz expres\u00f3: \u201cCreo que todos los contribuyentes paguen una tarifa m\u00ednima es importante para el pa\u00eds, pero sobre todo lo que la ley pretende es formalizar a estos peque\u00f1os comerciantes (\u2026) creo que puede ser de beneficio la tarifa reducida que les permita formalizar su negocio\u201d. (La Hora 09.12.22)<\/p>\n","protected":false},"excerpt":{"rendered":"<p>La iniciativa 6165 que dispone el ingreso al sistema tributario del comercio informal y otros sectores productivos fue presentada hoy por el Superintendente de la Administraci\u00f3n Tributaria (SAT), Marco Livio D\u00edaz a los jefes&#46;&#46;&#46;<\/p>\n","protected":false},"author":1,"featured_media":48240,"comment_status":"open","ping_status":"closed","sticky":false,"template":"","format":"standard","meta":{"footnotes":""},"categories":[41,39],"tags":[79,5787],"class_list":["post-55911","post","type-post","status-publish","format-standard","has-post-thumbnail","hentry","category-finanzas-publicas","category-sector-publico","tag-sat","tag-sector-informal"],"_links":{"self":[{"href":"https:\/\/copades.com\/monec\/index.php?rest_route=\/wp\/v2\/posts\/55911","targetHints":{"allow":["GET"]}}],"collection":[{"href":"https:\/\/copades.com\/monec\/index.php?rest_route=\/wp\/v2\/posts"}],"about":[{"href":"https:\/\/copades.com\/monec\/index.php?rest_route=\/wp\/v2\/types\/post"}],"author":[{"embeddable":true,"href":"https:\/\/copades.com\/monec\/index.php?rest_route=\/wp\/v2\/users\/1"}],"replies":[{"embeddable":true,"href":"https:\/\/copades.com\/monec\/index.php?rest_route=%2Fwp%2Fv2%2Fcomments&post=55911"}],"version-history":[{"count":1,"href":"https:\/\/copades.com\/monec\/index.php?rest_route=\/wp\/v2\/posts\/55911\/revisions"}],"predecessor-version":[{"id":55912,"href":"https:\/\/copades.com\/monec\/index.php?rest_route=\/wp\/v2\/posts\/55911\/revisions\/55912"}],"wp:featuredmedia":[{"embeddable":true,"href":"https:\/\/copades.com\/monec\/index.php?rest_route=\/wp\/v2\/media\/48240"}],"wp:attachment":[{"href":"https:\/\/copades.com\/monec\/index.php?rest_route=%2Fwp%2Fv2%2Fmedia&parent=55911"}],"wp:term":[{"taxonomy":"category","embeddable":true,"href":"https:\/\/copades.com\/monec\/index.php?rest_route=%2Fwp%2Fv2%2Fcategories&post=55911"},{"taxonomy":"post_tag","embeddable":true,"href":"https:\/\/copades.com\/monec\/index.php?rest_route=%2Fwp%2Fv2%2Ftags&post=55911"}],"curies":[{"name":"wp","href":"https:\/\/api.w.org\/{rel}","templated":true}]}}