{"id":56084,"date":"2023-01-11T19:07:34","date_gmt":"2023-01-12T01:07:34","guid":{"rendered":"https:\/\/copades.com\/monec\/?p=56084"},"modified":"2023-01-15T19:09:45","modified_gmt":"2023-01-16T01:09:45","slug":"impulsan-trabajo-conjunto-en-el-triangulo-norte","status":"publish","type":"post","link":"https:\/\/copades.com\/monec\/?p=56084","title":{"rendered":"Impulsan trabajo conjunto en el Tri\u00e1ngulo Norte"},"content":{"rendered":"<p style=\"text-align: justify;\">Para resaltar la necesidad del trabajo conjunto entre los pa\u00edses que integran el Tri\u00e1ngulo Norte, y as\u00ed impulsar el crecimiento econ\u00f3mico en la regi\u00f3n, la Fundaci\u00f3n para el Desarrollo de Guatemala (Fundesa) organiz\u00f3 el foro Una oportunidad para la econom\u00eda regional, inversiones para reducir la migraci\u00f3n. El presidente de la citada agrupaci\u00f3n, <strong>Juan Carlos Paiz<\/strong>, indic\u00f3 que la iniciativa Guatemala No Se Detiene es una de las propuestas que busca aumentar la inversi\u00f3n extranjera directa y la generaci\u00f3n de empleos, as\u00ed como las oportunidades en el pa\u00eds. \u201cA trav\u00e9s del aumento de la infraestructura productiva, una mejora sostenida en los indicadores de capital humano, el fortalecimiento de la certeza jur\u00eddica y el crecimiento del turismo en el pa\u00eds, desde Fundesa se coordina la referida hoja de ruta de la mano con el gobierno central y 23 organizaciones\u201d, destac\u00f3 el directivo. El evento reuni\u00f3 a participantes de alto nivel de varios sectores en Guatemala, El Salvador y Honduras, incluidos representantes del sector privado, sociedad civil, oeneg\u00e9s y la academia, como el <em>George W. Bush Institute<\/em>. El representante de la referida organizaci\u00f3n pol\u00edtica no partidista, Matthew Rooney, explic\u00f3 que junto con los miembros del grupo de trabajo reafirmaron su comprensi\u00f3n sobre los factores y determinaron c\u00f3mo se pueden reformar las pol\u00edticas p\u00fablicas, en Estados Unidos y en los pa\u00edses de Centroam\u00e9rica, para abordar mejor dichos desaf\u00edos. (Diario de Centro Am\u00e9rica 11.01.23)<\/p>\n","protected":false},"excerpt":{"rendered":"<p>Para resaltar la necesidad del trabajo conjunto entre los pa\u00edses que integran el Tri\u00e1ngulo Norte, y as\u00ed impulsar el crecimiento econ\u00f3mico en la regi\u00f3n, la Fundaci\u00f3n para el Desarrollo de Guatemala (Fundesa) organiz\u00f3 el&#46;&#46;&#46;<\/p>\n","protected":false},"author":1,"featured_media":52979,"comment_status":"open","ping_status":"closed","sticky":false,"template":"","format":"standard","meta":{"footnotes":""},"categories":[47],"tags":[537,4741],"class_list":["post-56084","post","type-post","status-publish","format-standard","has-post-thumbnail","hentry","category-integracion-centroamericana","tag-fundesa","tag-triangulo-norte"],"_links":{"self":[{"href":"https:\/\/copades.com\/monec\/index.php?rest_route=\/wp\/v2\/posts\/56084","targetHints":{"allow":["GET"]}}],"collection":[{"href":"https:\/\/copades.com\/monec\/index.php?rest_route=\/wp\/v2\/posts"}],"about":[{"href":"https:\/\/copades.com\/monec\/index.php?rest_route=\/wp\/v2\/types\/post"}],"author":[{"embeddable":true,"href":"https:\/\/copades.com\/monec\/index.php?rest_route=\/wp\/v2\/users\/1"}],"replies":[{"embeddable":true,"href":"https:\/\/copades.com\/monec\/index.php?rest_route=%2Fwp%2Fv2%2Fcomments&post=56084"}],"version-history":[{"count":1,"href":"https:\/\/copades.com\/monec\/index.php?rest_route=\/wp\/v2\/posts\/56084\/revisions"}],"predecessor-version":[{"id":56085,"href":"https:\/\/copades.com\/monec\/index.php?rest_route=\/wp\/v2\/posts\/56084\/revisions\/56085"}],"wp:featuredmedia":[{"embeddable":true,"href":"https:\/\/copades.com\/monec\/index.php?rest_route=\/wp\/v2\/media\/52979"}],"wp:attachment":[{"href":"https:\/\/copades.com\/monec\/index.php?rest_route=%2Fwp%2Fv2%2Fmedia&parent=56084"}],"wp:term":[{"taxonomy":"category","embeddable":true,"href":"https:\/\/copades.com\/monec\/index.php?rest_route=%2Fwp%2Fv2%2Fcategories&post=56084"},{"taxonomy":"post_tag","embeddable":true,"href":"https:\/\/copades.com\/monec\/index.php?rest_route=%2Fwp%2Fv2%2Ftags&post=56084"}],"curies":[{"name":"wp","href":"https:\/\/api.w.org\/{rel}","templated":true}]}}