{"id":56156,"date":"2023-01-16T10:25:44","date_gmt":"2023-01-16T16:25:44","guid":{"rendered":"https:\/\/copades.com\/monec\/?p=56156"},"modified":"2023-01-17T10:28:33","modified_gmt":"2023-01-17T16:28:33","slug":"mineco-autoriza-contingente-arancelario-de-maiz-amarillo","status":"publish","type":"post","link":"https:\/\/copades.com\/monec\/?p=56156","title":{"rendered":"Mineco autoriza contingente arancelario de ma\u00edz amarillo"},"content":{"rendered":"<p style=\"text-align: justify;\">El Ministerio de Econom\u00eda (Mineco) autoriz\u00f3 un contingente arancelario de 800 mil toneladas m\u00e9tricas de ma\u00edz amarillo con un 0 por ciento de arancel para abastecer la necesidad nacional de tal producto. La referida medida consta en el acuerdo ministerial 022-2023 y establece que la medida estar\u00e1 vigente hasta el 31 de diciembre de este a\u00f1o. El Ministerio de Agricultura, Ganader\u00eda y Alimentaci\u00f3n (MAGA) inform\u00f3 que la producci\u00f3n nacional es insuficiente para cubrir la necesidad alimentaria, haciendo necesario el contingente arancelario. La cartera recalc\u00f3 que quienes quieran hacer uso de la referida medida deber\u00e1n cumplir con el Normativo para la Activaci\u00f3n y Administraci\u00f3n de Contingentes Arancelarios por Desabastecimiento de Ma\u00edz Amarillo y Ma\u00edz Blanco. De acuerdo con la Organizaci\u00f3n de las Naciones Unidas para la Agricultura y la Alimentaci\u00f3n (FAO), en diciembre del a\u00f1o pasado el precio del ma\u00edz amarillo se situ\u00f3 en un promedio de 147,3 puntos. Esa cifra corresponde a 2.9 puntos menos que en noviembre de ese a\u00f1o, es decir el 1.9 por ciento m\u00e1s bajo. Mientras que en comparaci\u00f3n con diciembre de 2021, se situ\u00f3 6.8 puntos por encima del valor de esa \u00e9poca, o sea 4.8 por ciento m\u00e1s entre uno y otro a\u00f1o. (La Hora 16.01.23)<\/p>\n","protected":false},"excerpt":{"rendered":"<p>El Ministerio de Econom\u00eda (Mineco) autoriz\u00f3 un contingente arancelario de 800 mil toneladas m\u00e9tricas de ma\u00edz amarillo con un 0 por ciento de arancel para abastecer la necesidad nacional de tal producto. La referida&#46;&#46;&#46;<\/p>\n","protected":false},"author":1,"featured_media":49306,"comment_status":"open","ping_status":"closed","sticky":false,"template":"","format":"standard","meta":{"footnotes":""},"categories":[24,34],"tags":[82,289,78],"class_list":["post-56156","post","type-post","status-publish","format-standard","has-post-thumbnail","hentry","category-comercio-exterior","category-importaciones","tag-fao","tag-maga","tag-mineco"],"_links":{"self":[{"href":"https:\/\/copades.com\/monec\/index.php?rest_route=\/wp\/v2\/posts\/56156","targetHints":{"allow":["GET"]}}],"collection":[{"href":"https:\/\/copades.com\/monec\/index.php?rest_route=\/wp\/v2\/posts"}],"about":[{"href":"https:\/\/copades.com\/monec\/index.php?rest_route=\/wp\/v2\/types\/post"}],"author":[{"embeddable":true,"href":"https:\/\/copades.com\/monec\/index.php?rest_route=\/wp\/v2\/users\/1"}],"replies":[{"embeddable":true,"href":"https:\/\/copades.com\/monec\/index.php?rest_route=%2Fwp%2Fv2%2Fcomments&post=56156"}],"version-history":[{"count":1,"href":"https:\/\/copades.com\/monec\/index.php?rest_route=\/wp\/v2\/posts\/56156\/revisions"}],"predecessor-version":[{"id":56157,"href":"https:\/\/copades.com\/monec\/index.php?rest_route=\/wp\/v2\/posts\/56156\/revisions\/56157"}],"wp:featuredmedia":[{"embeddable":true,"href":"https:\/\/copades.com\/monec\/index.php?rest_route=\/wp\/v2\/media\/49306"}],"wp:attachment":[{"href":"https:\/\/copades.com\/monec\/index.php?rest_route=%2Fwp%2Fv2%2Fmedia&parent=56156"}],"wp:term":[{"taxonomy":"category","embeddable":true,"href":"https:\/\/copades.com\/monec\/index.php?rest_route=%2Fwp%2Fv2%2Fcategories&post=56156"},{"taxonomy":"post_tag","embeddable":true,"href":"https:\/\/copades.com\/monec\/index.php?rest_route=%2Fwp%2Fv2%2Ftags&post=56156"}],"curies":[{"name":"wp","href":"https:\/\/api.w.org\/{rel}","templated":true}]}}