{"id":56318,"date":"2023-02-13T13:22:15","date_gmt":"2023-02-13T19:22:15","guid":{"rendered":"https:\/\/copades.com\/monec\/?p=56318"},"modified":"2023-02-13T13:22:15","modified_gmt":"2023-02-13T19:22:15","slug":"oit-dice-que-latinoamerica-tiene-mercado-laboral-altamente-complejo-en-2023","status":"publish","type":"post","link":"https:\/\/copades.com\/monec\/?p=56318","title":{"rendered":"OIT dice que Latinoam\u00e9rica tiene mercado laboral \u00abaltamente complejo\u00bb en 2023"},"content":{"rendered":"<p style=\"text-align: justify;\">La Organizaci\u00f3n Internacional del Trabajo (OIT) advirti\u00f3 este martes en su \u00faltimo informe que Am\u00e9rica Latina y el Caribe enfrenta para 2023 un mercado laboral \u00abaltamente complejo y cargado de incertidumbre\u00bb a causa de una conjunci\u00f3n de m\u00faltiples crisis que impactan los mercados de trabajo de la regi\u00f3n. \u00abEn este momento es urgente la implementaci\u00f3n y fortalecimiento de diferentes tipos de pol\u00edticas que contribuyan a la creaci\u00f3n de empleo formal y al sostenimiento de los ingresos laborales\u00bb, destac\u00f3 la directora regional de la OIT para Am\u00e9rica Latina y el Caribe, Claudia Coenjaerts, en la presentaci\u00f3n del informe anual Panorama Laboral. <strong>La organizaci\u00f3n detall\u00f3 que la tasa de desocupaci\u00f3n se redujo en 2022 a 7.2 %, cifra \u00absignificativamente menor\u00bb que la de 2019, antes de la crisis provocada por la pandemia de covid-19, cuando registr\u00f3 un nivel de 8 %. <\/strong>El informe destaca que la recuperaci\u00f3n del empleo en 2022 fue m\u00e1s intensa entre mujeres que entre hombres, y entre j\u00f3venes m\u00e1s que entre los adultos. En ambos casos se trata de grupos que hab\u00edan sido especialmente impactados en la crisis laboral de la pandemia, pero advierte que las brechas estructurales por g\u00e9nero y por edad siguen presentes en los mercados laborales. Coenjaerts se\u00f1al\u00f3 que la baja de la desocupaci\u00f3n \u00abes una noticia positiva en especial tras la crisis de grandes dimensiones que provoc\u00f3 la pandemia\u00bb, pero dijo que este a\u00f1o esos progresos podr\u00edan estancarse. <strong>\u00abEl escaso dinamismo de la econom\u00eda pronosticado para 2023 afectar\u00e1 negativamente la generaci\u00f3n de nuevos empleos y eso har\u00e1 que en 2023 la desocupaci\u00f3n registre variaciones\u201d, llegando a niveles de entre 7.2 y 7.5 %<\/strong><\/p>\n<p style=\"text-align: justify;\"><strong>FALTA DE TABAJO DE CALIDAD<\/strong><\/p>\n<p style=\"text-align: justify;\">El Panorama Laboral destaca que la regi\u00f3n es afectada \u00abpor la conjunci\u00f3n de m\u00faltiples crisis a nivel global, como la persistencia de la pandemia o la guerra entre Rusia y Ucrania, y al mismo tiempo enfrenta la perspectiva de un crecimiento econ\u00f3mico bajo, las secuelas de una elevada inflaci\u00f3n, limitado espacio fiscal y altos niveles de endeudamiento\u00bb.\u00a0\u00a0Esto plantea \u00abun escenario complejo e incierto\u00bb, dice el informe, que se elabora anualmente desde hace 30 a\u00f1os. Coenjaerts explic\u00f3 que en este escenario econ\u00f3mico, \u00abel problema laboral m\u00e1s urgente para la regi\u00f3n es el de la calidad del empleo y los insuficientes ingresos laborales y totales generados por los trabajadores y sus familias\u00bb. <strong>El informe destaca que la tasa de informalidad regional ya lleg\u00f3 a 50 %, como era antes de la pandemia, aunque en algunos pa\u00edses es mucho mayor.<\/strong><\/p>\n<p>Fuente: https:\/\/www.swissinfo.ch\/spa\/latinoam%C3%A9rica-empleo_oit-dice-que-latinoam%C3%A9rica-tiene-mercado-laboral&#8211;altamente-complejo&#8211;en-2023\/48267498#:~:text=Lima%207%20feb%20(EFE).,mercados%20de%20trabajo%20de%20la<\/p>\n","protected":false},"excerpt":{"rendered":"<p>La Organizaci\u00f3n Internacional del Trabajo (OIT) advirti\u00f3 este martes en su \u00faltimo informe que Am\u00e9rica Latina y el Caribe enfrenta para 2023 un mercado laboral \u00abaltamente complejo y cargado de incertidumbre\u00bb a causa de&#46;&#46;&#46;<\/p>\n","protected":false},"author":1,"featured_media":55846,"comment_status":"open","ping_status":"closed","sticky":false,"template":"","format":"standard","meta":{"footnotes":""},"categories":[55],"tags":[],"class_list":["post-56318","post","type-post","status-publish","format-standard","has-post-thumbnail","hentry","category-internacionales-seleccion"],"_links":{"self":[{"href":"https:\/\/copades.com\/monec\/index.php?rest_route=\/wp\/v2\/posts\/56318","targetHints":{"allow":["GET"]}}],"collection":[{"href":"https:\/\/copades.com\/monec\/index.php?rest_route=\/wp\/v2\/posts"}],"about":[{"href":"https:\/\/copades.com\/monec\/index.php?rest_route=\/wp\/v2\/types\/post"}],"author":[{"embeddable":true,"href":"https:\/\/copades.com\/monec\/index.php?rest_route=\/wp\/v2\/users\/1"}],"replies":[{"embeddable":true,"href":"https:\/\/copades.com\/monec\/index.php?rest_route=%2Fwp%2Fv2%2Fcomments&post=56318"}],"version-history":[{"count":1,"href":"https:\/\/copades.com\/monec\/index.php?rest_route=\/wp\/v2\/posts\/56318\/revisions"}],"predecessor-version":[{"id":56319,"href":"https:\/\/copades.com\/monec\/index.php?rest_route=\/wp\/v2\/posts\/56318\/revisions\/56319"}],"wp:featuredmedia":[{"embeddable":true,"href":"https:\/\/copades.com\/monec\/index.php?rest_route=\/wp\/v2\/media\/55846"}],"wp:attachment":[{"href":"https:\/\/copades.com\/monec\/index.php?rest_route=%2Fwp%2Fv2%2Fmedia&parent=56318"}],"wp:term":[{"taxonomy":"category","embeddable":true,"href":"https:\/\/copades.com\/monec\/index.php?rest_route=%2Fwp%2Fv2%2Fcategories&post=56318"},{"taxonomy":"post_tag","embeddable":true,"href":"https:\/\/copades.com\/monec\/index.php?rest_route=%2Fwp%2Fv2%2Ftags&post=56318"}],"curies":[{"name":"wp","href":"https:\/\/api.w.org\/{rel}","templated":true}]}}