{"id":56393,"date":"2023-01-30T00:47:40","date_gmt":"2023-01-30T06:47:40","guid":{"rendered":"https:\/\/copades.com\/monec\/?p=56393"},"modified":"2023-02-26T00:49:22","modified_gmt":"2023-02-26T06:49:22","slug":"bid-deuda-de-latinoamerica-es-el-117-del-pib-y-supone-un-lastre-para-la-economia","status":"publish","type":"post","link":"https:\/\/copades.com\/monec\/?p=56393","title":{"rendered":"BID: deuda de Latinoam\u00e9rica es el 117% del PIB y supone un lastre para la econom\u00eda"},"content":{"rendered":"<p style=\"text-align: justify;\">Una inadvertida pandemia trajo consigo cambios en los gastos de los gobiernos, provocando un aumento de la deuda p\u00fablica en todo el mundo, Am\u00e9rica Latina y el Caribe no fueron la excepci\u00f3n. Si bien esta deuda ayud\u00f3 a la regi\u00f3n a combatir la crisis sanitaria, ahora supone un \u201clastre para la econom\u00eda\u201d, as\u00ed lo detalla un reciente estudio del Banco Interamericano de Desarrollo (BID). La deuda total ha escalado a unos US$5.8 billones, cifra equivalente al 117% del Producto Interno Bruto (PIB) de la regi\u00f3n, y hasta el 140% del PIB en las cinco econom\u00edas m\u00e1s grandes, seg\u00fan la publicaci\u00f3n \u00abLidiar con la deuda, menos riesgo para m\u00e1s crecimiento en Am\u00e9rica Latina y el Caribe\u00bb, del BID. La deuda pas\u00f3 del 58% en 2019 al 72% en 2020 \u201cdebido a paquetes fiscales relacionados con el COVID-19, menores ingresos y la recesi\u00f3n\u201d. La pandemia, la invasi\u00f3n rusa a Ucrania, la alta inflaci\u00f3n, el aumento de las tasas de inter\u00e9s y el bajo crecimiento mundial, combinados con una deuda elevada, aumentan la vulnerabilidad de la regi\u00f3n. Bajo este contexto, para el BID, reducir la deuda p\u00fablica a niveles prudentes para impulsar el crecimiento econ\u00f3mico, favorecer la inversi\u00f3n productiva y reducir el riesgo de una crisis de endeudamiento, deben ser la prioridad de los pa\u00edses latinoamericanos y del Caribe. En el caso de Guatemala, el presidente Alejandro Giammattei asegur\u00f3 que la deuda p\u00fablica en relaci\u00f3n con el PIB ha descendido en los \u00faltimos tres a\u00f1os. Para el 2023 se estima que el porcentaje de endeudamiento ser\u00e1 de 29.9% respecto al PIB, es decir un punto porcentual m\u00e1s bajo en comparaci\u00f3n con el 2022. El economista Abelardo Medina Bermejo, del Instituto Centroamericano de Estudios Fiscales (Icefi), destaca que es positivo mantener un bajo nivel de endeudamiento en Guatemala, sin embargo, como se carece de una pol\u00edtica fiscal estrat\u00e9gica a largo plazo, el enfoque de la deuda p\u00fablica es la obtenci\u00f3n de recursos para financiar el funcionamiento del Estado y no para promover el desarrollo econ\u00f3mico y el bienestar social. (La Hora 30.01.23)<\/p>\n","protected":false},"excerpt":{"rendered":"<p>Una inadvertida pandemia trajo consigo cambios en los gastos de los gobiernos, provocando un aumento de la deuda p\u00fablica en todo el mundo, Am\u00e9rica Latina y el Caribe no fueron la excepci\u00f3n. Si bien&#46;&#46;&#46;<\/p>\n","protected":false},"author":1,"featured_media":51872,"comment_status":"open","ping_status":"closed","sticky":false,"template":"","format":"standard","meta":{"footnotes":""},"categories":[55],"tags":[130,126],"class_list":["post-56393","post","type-post","status-publish","format-standard","has-post-thumbnail","hentry","category-internacionales-seleccion","tag-bid","tag-icefi"],"_links":{"self":[{"href":"https:\/\/copades.com\/monec\/index.php?rest_route=\/wp\/v2\/posts\/56393","targetHints":{"allow":["GET"]}}],"collection":[{"href":"https:\/\/copades.com\/monec\/index.php?rest_route=\/wp\/v2\/posts"}],"about":[{"href":"https:\/\/copades.com\/monec\/index.php?rest_route=\/wp\/v2\/types\/post"}],"author":[{"embeddable":true,"href":"https:\/\/copades.com\/monec\/index.php?rest_route=\/wp\/v2\/users\/1"}],"replies":[{"embeddable":true,"href":"https:\/\/copades.com\/monec\/index.php?rest_route=%2Fwp%2Fv2%2Fcomments&post=56393"}],"version-history":[{"count":1,"href":"https:\/\/copades.com\/monec\/index.php?rest_route=\/wp\/v2\/posts\/56393\/revisions"}],"predecessor-version":[{"id":56394,"href":"https:\/\/copades.com\/monec\/index.php?rest_route=\/wp\/v2\/posts\/56393\/revisions\/56394"}],"wp:featuredmedia":[{"embeddable":true,"href":"https:\/\/copades.com\/monec\/index.php?rest_route=\/wp\/v2\/media\/51872"}],"wp:attachment":[{"href":"https:\/\/copades.com\/monec\/index.php?rest_route=%2Fwp%2Fv2%2Fmedia&parent=56393"}],"wp:term":[{"taxonomy":"category","embeddable":true,"href":"https:\/\/copades.com\/monec\/index.php?rest_route=%2Fwp%2Fv2%2Fcategories&post=56393"},{"taxonomy":"post_tag","embeddable":true,"href":"https:\/\/copades.com\/monec\/index.php?rest_route=%2Fwp%2Fv2%2Ftags&post=56393"}],"curies":[{"name":"wp","href":"https:\/\/api.w.org\/{rel}","templated":true}]}}