{"id":56520,"date":"2023-03-03T20:46:02","date_gmt":"2023-03-04T02:46:02","guid":{"rendered":"https:\/\/copades.com\/monec\/?p=56520"},"modified":"2023-03-12T20:47:03","modified_gmt":"2023-03-13T02:47:03","slug":"solvencias-de-trabajo-ministerio-publica-reglamento-para-emitir-digitalmente-estos-documentos","status":"publish","type":"post","link":"https:\/\/copades.com\/monec\/?p=56520","title":{"rendered":"Solvencias de Trabajo: ministerio publica reglamento para emitir digitalmente estos documentos"},"content":{"rendered":"<p style=\"text-align: justify;\">El Ministerio de Trabajo public\u00f3 este 3 de marzo, en el Diario de Centro Am\u00e9rica, el Acuerdo Gubernativo 33-2023 en el que emiti\u00f3 el Reglamento para la emisi\u00f3n de solvencias de faltas de trabajo y previsi\u00f3n social, con el cual este documento ser\u00e1 emitido ahora de forma digital. El acuerdo explica que la Ley para la Simplificaci\u00f3n de Requisitos y Tr\u00e1mites Administrativos, Decreto n\u00famero 5-2021 del Congreso de la Rep\u00fablica de Guatemala, establece que \u201ces necesaria la actualizaci\u00f3n de sistemas y acciones que permitan la modernizaci\u00f3n de la gesti\u00f3n administrativa por medio de la simplificaci\u00f3n, agilizaci\u00f3n y digitalizaci\u00f3n de tr\u00e1mites administrativos, siendo necesario que el Ministerio de Trabajo y Previsi\u00f3n Social emita las Solvencias de Faltas de Trabajo y Previsi\u00f3n Social de manera digital para que el usuario pueda acceder a ella de manera eficaz pudiendo esta ser utilizada en los diferentes tr\u00e1mites que al interesado le convenga\u201d. Seg\u00fan el acuerdo, este reglamento regula el procedimiento para la solicitud y emisi\u00f3n de la Solvencia de Faltas de Trabajo y Previsi\u00f3n Social, conocidas como Solvencia de Trabajo, la cual ser\u00e1 emitida de forma electr\u00f3nica por la Inspecci\u00f3n General de Trabajo, por medio del Registro de Faltas de Trabajo y Previsi\u00f3n Social. Explica que dichas solvencias digitales ser\u00e1n emitidas mediante la plataforma electr\u00f3nica creada para la solicitud de las mismas, seg\u00fan Acuerdo Ministerial n\u00famero 55-2021. En el art\u00edculo 2 se establece que la Inspecci\u00f3n General de Trabajo administrar\u00e1 el Registro de Faltas de Trabajo y Previsi\u00f3n Social y ser\u00e1 responsable de administrar, verificar, consolidar y mantener actualizada la informaci\u00f3n de las faltas de trabajo a nivel nacional. El documento establece que dentro del Registro se encontrar\u00e1n \u201clos nombres de las personas individuales o jur\u00eddicas que hayan sido sancionadas conforme a todos los procedimientos respectivos en el Ministerio de Trabajo y Previsi\u00f3n Social, debido a incumplimientos de la legislaci\u00f3n laboral o de previsi\u00f3n social que hayan causado estado en sede administrativa o causado firmeza en sede judicial incluyendo los incidentes laborales que hayan sido promovidos por dicho Ministerio\u201d. El Registro de Faltas de Trabajo y Previsi\u00f3n Social deber\u00e1 emitir y firmar las Solvencias de Trabajo que se soliciten, conforme el procedimiento que est\u00e1 establecido en este acuerdo y conforme a lo que regula el art\u00edculo 272 del C\u00f3digo de Trabajo. (Prensa Libre 03.03.23)<\/p>\n","protected":false},"excerpt":{"rendered":"<p>El Ministerio de Trabajo public\u00f3 este 3 de marzo, en el Diario de Centro Am\u00e9rica, el Acuerdo Gubernativo 33-2023 en el que emiti\u00f3 el Reglamento para la emisi\u00f3n de solvencias de faltas de trabajo&#46;&#46;&#46;<\/p>\n","protected":false},"author":1,"featured_media":48394,"comment_status":"open","ping_status":"closed","sticky":false,"template":"","format":"standard","meta":{"footnotes":""},"categories":[49],"tags":[493],"class_list":["post-56520","post","type-post","status-publish","format-standard","has-post-thumbnail","hentry","category-poblacion-empleos-y-salarios","tag-mintrab"],"_links":{"self":[{"href":"https:\/\/copades.com\/monec\/index.php?rest_route=\/wp\/v2\/posts\/56520","targetHints":{"allow":["GET"]}}],"collection":[{"href":"https:\/\/copades.com\/monec\/index.php?rest_route=\/wp\/v2\/posts"}],"about":[{"href":"https:\/\/copades.com\/monec\/index.php?rest_route=\/wp\/v2\/types\/post"}],"author":[{"embeddable":true,"href":"https:\/\/copades.com\/monec\/index.php?rest_route=\/wp\/v2\/users\/1"}],"replies":[{"embeddable":true,"href":"https:\/\/copades.com\/monec\/index.php?rest_route=%2Fwp%2Fv2%2Fcomments&post=56520"}],"version-history":[{"count":1,"href":"https:\/\/copades.com\/monec\/index.php?rest_route=\/wp\/v2\/posts\/56520\/revisions"}],"predecessor-version":[{"id":56521,"href":"https:\/\/copades.com\/monec\/index.php?rest_route=\/wp\/v2\/posts\/56520\/revisions\/56521"}],"wp:featuredmedia":[{"embeddable":true,"href":"https:\/\/copades.com\/monec\/index.php?rest_route=\/wp\/v2\/media\/48394"}],"wp:attachment":[{"href":"https:\/\/copades.com\/monec\/index.php?rest_route=%2Fwp%2Fv2%2Fmedia&parent=56520"}],"wp:term":[{"taxonomy":"category","embeddable":true,"href":"https:\/\/copades.com\/monec\/index.php?rest_route=%2Fwp%2Fv2%2Fcategories&post=56520"},{"taxonomy":"post_tag","embeddable":true,"href":"https:\/\/copades.com\/monec\/index.php?rest_route=%2Fwp%2Fv2%2Ftags&post=56520"}],"curies":[{"name":"wp","href":"https:\/\/api.w.org\/{rel}","templated":true}]}}