{"id":56600,"date":"2023-03-17T22:14:34","date_gmt":"2023-03-18T04:14:34","guid":{"rendered":"https:\/\/copades.com\/monec\/?p=56600"},"modified":"2023-03-21T22:16:53","modified_gmt":"2023-03-22T04:16:53","slug":"la-camara-de-comercio-de-ee-uu-en-honduras-preocupada-por-reforma-tributaria","status":"publish","type":"post","link":"https:\/\/copades.com\/monec\/?p=56600","title":{"rendered":"La C\u00e1mara de Comercio de EE. UU. en Honduras preocupada por reforma tributaria"},"content":{"rendered":"<p style=\"text-align: justify;\">La C\u00e1mara de Comercio Hondure\u00f1o Americana (AmCham) expres\u00f3 este viernes \u201csu preocupaci\u00f3n\u201d por la propuesta de reforma tributaria del Gobierno de Honduras por considerar que aumentar\u00e1 el costo de vida, afectar\u00e1 la competitividad del pa\u00eds y ahuyentar\u00e1 la inversi\u00f3n extranjera. La iniciativa de la Ley de Justicia Tributaria y proyectos de ley conexos \u201ccontienen disposiciones que aumentar\u00e1n el costo de vida y el precio de la canasta b\u00e1sica en detrimento de la poblaci\u00f3n en general, afectar\u00e1n la competitividad del pa\u00eds en la regi\u00f3n Centroamericana y ahuyentar\u00e1n la inversi\u00f3n extranjera, incrementando el desempleo a nivel nacional\u201d, indic\u00f3 la AmCham en un comunicado. Agreg\u00f3 que las disposiciones de los proyectos \u201cson confusas, ambiguas y discriminatorias\u201d y, adem\u00e1s, \u201cviolan principios constitucionales como la libertad de empresa y el derecho a la defensa\u201d. Honduras promueve una reforma a la ley tributaria, con el fin de mejorar la distribuci\u00f3n de la carga fiscal a trav\u00e9s de la eliminaci\u00f3n de exoneraciones que se han otorgado hasta por 40 a\u00f1os, eliminar el secreto bancario y la condonaci\u00f3n de deudas tributarias para evitar la legalizaci\u00f3n de la evasi\u00f3n fiscal, entre otras cosas. La AmCham Honduras se\u00f1al\u00f3 que los proyectos \u201cno contienen disposiciones que disminuyan o deroguen los impuestos creados en los gobiernos anteriores, ni tampoco para fomentar la formalizaci\u00f3n del sector informal de la econom\u00eda\u201d. (Prensa Libre 17.03.23)<\/p>\n","protected":false},"excerpt":{"rendered":"<p>La C\u00e1mara de Comercio Hondure\u00f1o Americana (AmCham) expres\u00f3 este viernes \u201csu preocupaci\u00f3n\u201d por la propuesta de reforma tributaria del Gobierno de Honduras por considerar que aumentar\u00e1 el costo de vida, afectar\u00e1 la competitividad del&#46;&#46;&#46;<\/p>\n","protected":false},"author":1,"featured_media":47800,"comment_status":"open","ping_status":"closed","sticky":false,"template":"","format":"standard","meta":{"footnotes":""},"categories":[54],"tags":[367],"class_list":["post-56600","post","type-post","status-publish","format-standard","has-post-thumbnail","hentry","category-centroamerica-seleccion","tag-amcham"],"_links":{"self":[{"href":"https:\/\/copades.com\/monec\/index.php?rest_route=\/wp\/v2\/posts\/56600","targetHints":{"allow":["GET"]}}],"collection":[{"href":"https:\/\/copades.com\/monec\/index.php?rest_route=\/wp\/v2\/posts"}],"about":[{"href":"https:\/\/copades.com\/monec\/index.php?rest_route=\/wp\/v2\/types\/post"}],"author":[{"embeddable":true,"href":"https:\/\/copades.com\/monec\/index.php?rest_route=\/wp\/v2\/users\/1"}],"replies":[{"embeddable":true,"href":"https:\/\/copades.com\/monec\/index.php?rest_route=%2Fwp%2Fv2%2Fcomments&post=56600"}],"version-history":[{"count":1,"href":"https:\/\/copades.com\/monec\/index.php?rest_route=\/wp\/v2\/posts\/56600\/revisions"}],"predecessor-version":[{"id":56601,"href":"https:\/\/copades.com\/monec\/index.php?rest_route=\/wp\/v2\/posts\/56600\/revisions\/56601"}],"wp:featuredmedia":[{"embeddable":true,"href":"https:\/\/copades.com\/monec\/index.php?rest_route=\/wp\/v2\/media\/47800"}],"wp:attachment":[{"href":"https:\/\/copades.com\/monec\/index.php?rest_route=%2Fwp%2Fv2%2Fmedia&parent=56600"}],"wp:term":[{"taxonomy":"category","embeddable":true,"href":"https:\/\/copades.com\/monec\/index.php?rest_route=%2Fwp%2Fv2%2Fcategories&post=56600"},{"taxonomy":"post_tag","embeddable":true,"href":"https:\/\/copades.com\/monec\/index.php?rest_route=%2Fwp%2Fv2%2Ftags&post=56600"}],"curies":[{"name":"wp","href":"https:\/\/api.w.org\/{rel}","templated":true}]}}