{"id":56625,"date":"2023-03-16T22:54:21","date_gmt":"2023-03-17T04:54:21","guid":{"rendered":"https:\/\/copades.com\/monec\/?p=56625"},"modified":"2023-03-21T22:55:35","modified_gmt":"2023-03-22T04:55:35","slug":"bce-eleva-al-1-el-crecimiento-de-ue-en-2023-y-modera-la-inflacion-al-5-3","status":"publish","type":"post","link":"https:\/\/copades.com\/monec\/?p=56625","title":{"rendered":"BCE eleva al 1 % el crecimiento de UE en 2023 y modera la inflaci\u00f3n al 5.3 %"},"content":{"rendered":"<p style=\"text-align: justify;\">El Banco Central Europeo (BCE) ha elevado medio punto su previsi\u00f3n de crecimiento econ\u00f3mico en la Eurozona en 2023, hasta el 1 %, y espera que en este a\u00f1o la inflaci\u00f3n se modere al 5.3 %, un punto menos de lo avanzado el pasado diciembre. Tras la reuni\u00f3n del Consejo de Gobierno, el BCE ha informado de que la mejora del crecimiento econ\u00f3mico se sustenta en el descenso de los precios de la energ\u00eda y en \u201cla mayor capacidad de resistencia de la econom\u00eda ante el dif\u00edcil entorno internacional\u201d. El banco central espera que el crecimiento repunte posteriormente hasta el 1.6 %, tanto en 2024 como en 2025 (lo que supone rebajar la previsi\u00f3n frente al anterior pron\u00f3stico del 1.9 % y 1.8 %, respectivamente), \u201crespaldado por la fortaleza del mercado de trabajo, el aumento de la confianza y la recuperaci\u00f3n de las rentas reales\u201d.<\/p>\n<p style=\"text-align: justify;\">Ese crecimiento econ\u00f3mico para 2024 y 2025 menor de lo anteriormente previsto responde a \u201cla orientaci\u00f3n m\u00e1s restrictiva de la pol\u00edtica monetaria\u201d. No obstante, el BCE apunta que estas proyecciones econ\u00f3micas se realizaron con anterioridad a la \u201creciente aparici\u00f3n de tensiones en los mercados financieros\u201d, situaci\u00f3n que \u201ca\u00f1ade incertidumbre en torno a las evaluaciones del escenario de referencia para la inflaci\u00f3n y el crecimiento\u201d. (Prensa Libre 16.03.23)<\/p>\n","protected":false},"excerpt":{"rendered":"<p>El Banco Central Europeo (BCE) ha elevado medio punto su previsi\u00f3n de crecimiento econ\u00f3mico en la Eurozona en 2023, hasta el 1 %, y espera que en este a\u00f1o la inflaci\u00f3n se modere al&#46;&#46;&#46;<\/p>\n","protected":false},"author":1,"featured_media":49409,"comment_status":"open","ping_status":"closed","sticky":false,"template":"","format":"standard","meta":{"footnotes":""},"categories":[55],"tags":[619],"class_list":["post-56625","post","type-post","status-publish","format-standard","has-post-thumbnail","hentry","category-internacionales-seleccion","tag-bce"],"_links":{"self":[{"href":"https:\/\/copades.com\/monec\/index.php?rest_route=\/wp\/v2\/posts\/56625","targetHints":{"allow":["GET"]}}],"collection":[{"href":"https:\/\/copades.com\/monec\/index.php?rest_route=\/wp\/v2\/posts"}],"about":[{"href":"https:\/\/copades.com\/monec\/index.php?rest_route=\/wp\/v2\/types\/post"}],"author":[{"embeddable":true,"href":"https:\/\/copades.com\/monec\/index.php?rest_route=\/wp\/v2\/users\/1"}],"replies":[{"embeddable":true,"href":"https:\/\/copades.com\/monec\/index.php?rest_route=%2Fwp%2Fv2%2Fcomments&post=56625"}],"version-history":[{"count":1,"href":"https:\/\/copades.com\/monec\/index.php?rest_route=\/wp\/v2\/posts\/56625\/revisions"}],"predecessor-version":[{"id":56626,"href":"https:\/\/copades.com\/monec\/index.php?rest_route=\/wp\/v2\/posts\/56625\/revisions\/56626"}],"wp:featuredmedia":[{"embeddable":true,"href":"https:\/\/copades.com\/monec\/index.php?rest_route=\/wp\/v2\/media\/49409"}],"wp:attachment":[{"href":"https:\/\/copades.com\/monec\/index.php?rest_route=%2Fwp%2Fv2%2Fmedia&parent=56625"}],"wp:term":[{"taxonomy":"category","embeddable":true,"href":"https:\/\/copades.com\/monec\/index.php?rest_route=%2Fwp%2Fv2%2Fcategories&post=56625"},{"taxonomy":"post_tag","embeddable":true,"href":"https:\/\/copades.com\/monec\/index.php?rest_route=%2Fwp%2Fv2%2Ftags&post=56625"}],"curies":[{"name":"wp","href":"https:\/\/api.w.org\/{rel}","templated":true}]}}