{"id":56785,"date":"2023-03-30T20:36:23","date_gmt":"2023-03-31T02:36:23","guid":{"rendered":"https:\/\/copades.com\/monec\/?p=56785"},"modified":"2023-04-03T20:37:42","modified_gmt":"2023-04-04T02:37:42","slug":"ee-uu-confirma-que-su-economia-crecio-un-2-1-en-2022-tras-calculo-final","status":"publish","type":"post","link":"https:\/\/copades.com\/monec\/?p=56785","title":{"rendered":"EE. UU. confirma que su econom\u00eda creci\u00f3 un 2.1 % en 2022, tras c\u00e1lculo final"},"content":{"rendered":"<p style=\"text-align: justify;\">La econom\u00eda de Estados Unidos creci\u00f3 el 2.1 % en 2022, confirm\u00f3 la Oficina de An\u00e1lisis Econ\u00f3mico (BEA, en ingl\u00e9s), tras la publicaci\u00f3n este jueves del c\u00e1lculo final sobre el Producto Interior Bruto (PIB). El organismo no cambi\u00f3, por tanto, el crecimiento estimado del a\u00f1o pasado aunque s\u00ed redujo una d\u00e9cima el del cuarto trimestre con respecto al tercero, del 0.7 estimado al 0.6 confirmado. Tambi\u00e9n modific\u00f3 su estimaci\u00f3n sobre el ritmo anual de crecimiento en el cuarto trimestre, que coloc\u00f3 en el 2,6, una d\u00e9cima menos que lo calculado en la segunda estimaci\u00f3n y tres d\u00e9cimas menos que el dato inicial calculado, una revisi\u00f3n que refleja \u201crevisiones a la baja de las exportaciones y el gasto del consumidor\u201d, se\u00f1ala la BEA. El organismo realiza tres estimaciones del PIB y la publicada este jueves es la definitiva. Estos datos se dan, recuerda la BEA, en un contexto de \u201cinflaci\u00f3n moderada, un desempleo bajo, incertidumbres continuas en la cadena de suministro y tasas de inter\u00e9s en aumento\u201d. Aunque con un crecimiento muy inferior al registrado en 2021 (5.9 %), Estados Unidos cierra as\u00ed el a\u00f1o con el 2.1 % de crecimiento anual y deja atr\u00e1s, de momento, el temor a una recesi\u00f3n. (Prensa Libre 30.03.23)<\/p>\n","protected":false},"excerpt":{"rendered":"<p>La econom\u00eda de Estados Unidos creci\u00f3 el 2.1 % en 2022, confirm\u00f3 la Oficina de An\u00e1lisis Econ\u00f3mico (BEA, en ingl\u00e9s), tras la publicaci\u00f3n este jueves del c\u00e1lculo final sobre el Producto Interior Bruto (PIB).&#46;&#46;&#46;<\/p>\n","protected":false},"author":1,"featured_media":48151,"comment_status":"open","ping_status":"closed","sticky":false,"template":"","format":"standard","meta":{"footnotes":""},"categories":[55],"tags":[6718,109,142],"class_list":["post-56785","post","type-post","status-publish","format-standard","has-post-thumbnail","hentry","category-internacionales-seleccion","tag-bea","tag-ee-uu","tag-pib"],"_links":{"self":[{"href":"https:\/\/copades.com\/monec\/index.php?rest_route=\/wp\/v2\/posts\/56785","targetHints":{"allow":["GET"]}}],"collection":[{"href":"https:\/\/copades.com\/monec\/index.php?rest_route=\/wp\/v2\/posts"}],"about":[{"href":"https:\/\/copades.com\/monec\/index.php?rest_route=\/wp\/v2\/types\/post"}],"author":[{"embeddable":true,"href":"https:\/\/copades.com\/monec\/index.php?rest_route=\/wp\/v2\/users\/1"}],"replies":[{"embeddable":true,"href":"https:\/\/copades.com\/monec\/index.php?rest_route=%2Fwp%2Fv2%2Fcomments&post=56785"}],"version-history":[{"count":1,"href":"https:\/\/copades.com\/monec\/index.php?rest_route=\/wp\/v2\/posts\/56785\/revisions"}],"predecessor-version":[{"id":56786,"href":"https:\/\/copades.com\/monec\/index.php?rest_route=\/wp\/v2\/posts\/56785\/revisions\/56786"}],"wp:featuredmedia":[{"embeddable":true,"href":"https:\/\/copades.com\/monec\/index.php?rest_route=\/wp\/v2\/media\/48151"}],"wp:attachment":[{"href":"https:\/\/copades.com\/monec\/index.php?rest_route=%2Fwp%2Fv2%2Fmedia&parent=56785"}],"wp:term":[{"taxonomy":"category","embeddable":true,"href":"https:\/\/copades.com\/monec\/index.php?rest_route=%2Fwp%2Fv2%2Fcategories&post=56785"},{"taxonomy":"post_tag","embeddable":true,"href":"https:\/\/copades.com\/monec\/index.php?rest_route=%2Fwp%2Fv2%2Ftags&post=56785"}],"curies":[{"name":"wp","href":"https:\/\/api.w.org\/{rel}","templated":true}]}}