{"id":56826,"date":"2023-04-10T12:52:14","date_gmt":"2023-04-10T18:52:14","guid":{"rendered":"https:\/\/copades.com\/monec\/?p=56826"},"modified":"2023-04-11T13:00:04","modified_gmt":"2023-04-11T19:00:04","slug":"produccion-y-exportacion-de-autos-en-mexico-suben-8-en-primer-trimestre","status":"publish","type":"post","link":"https:\/\/copades.com\/monec\/?p=56826","title":{"rendered":"Producci\u00f3n y exportaci\u00f3n de autos en M\u00e9xico suben 8 % en primer trimestre"},"content":{"rendered":"<p style=\"text-align: justify;\">La producci\u00f3n y la exportaci\u00f3n de autom\u00f3viles mexicanos crecieron m\u00e1s de 8 % interanual en el primer trimestre de 2023, inform\u00f3 este lunes el Instituto Nacional de Estad\u00edstica y Geograf\u00eda (Inegi). La fabricaci\u00f3n de veh\u00edculos ligeros en M\u00e9xico subi\u00f3 un 8,61 % de enero a marzo pasado en comparaci\u00f3n con el mismo periodo de 2022 hasta alcanzar las 922.177 unidades, detall\u00f3 el Inegi en su reporte. \u201cLos camiones ligeros representaron 77.2 % del total producido, mientras que el resto correspondi\u00f3 a la fabricaci\u00f3n de autom\u00f3viles\u201d, precis\u00f3 el organismo aut\u00f3nomo. (Prensa Libre 10.04.23)<\/p>\n","protected":false},"excerpt":{"rendered":"<p>La producci\u00f3n y la exportaci\u00f3n de autom\u00f3viles mexicanos crecieron m\u00e1s de 8 % interanual en el primer trimestre de 2023, inform\u00f3 este lunes el Instituto Nacional de Estad\u00edstica y Geograf\u00eda (Inegi). La fabricaci\u00f3n de&#46;&#46;&#46;<\/p>\n","protected":false},"author":1,"featured_media":49169,"comment_status":"open","ping_status":"closed","sticky":false,"template":"","format":"standard","meta":{"footnotes":""},"categories":[55],"tags":[530,87],"class_list":["post-56826","post","type-post","status-publish","format-standard","has-post-thumbnail","hentry","category-internacionales-seleccion","tag-inegi","tag-mexico"],"_links":{"self":[{"href":"https:\/\/copades.com\/monec\/index.php?rest_route=\/wp\/v2\/posts\/56826","targetHints":{"allow":["GET"]}}],"collection":[{"href":"https:\/\/copades.com\/monec\/index.php?rest_route=\/wp\/v2\/posts"}],"about":[{"href":"https:\/\/copades.com\/monec\/index.php?rest_route=\/wp\/v2\/types\/post"}],"author":[{"embeddable":true,"href":"https:\/\/copades.com\/monec\/index.php?rest_route=\/wp\/v2\/users\/1"}],"replies":[{"embeddable":true,"href":"https:\/\/copades.com\/monec\/index.php?rest_route=%2Fwp%2Fv2%2Fcomments&post=56826"}],"version-history":[{"count":1,"href":"https:\/\/copades.com\/monec\/index.php?rest_route=\/wp\/v2\/posts\/56826\/revisions"}],"predecessor-version":[{"id":56827,"href":"https:\/\/copades.com\/monec\/index.php?rest_route=\/wp\/v2\/posts\/56826\/revisions\/56827"}],"wp:featuredmedia":[{"embeddable":true,"href":"https:\/\/copades.com\/monec\/index.php?rest_route=\/wp\/v2\/media\/49169"}],"wp:attachment":[{"href":"https:\/\/copades.com\/monec\/index.php?rest_route=%2Fwp%2Fv2%2Fmedia&parent=56826"}],"wp:term":[{"taxonomy":"category","embeddable":true,"href":"https:\/\/copades.com\/monec\/index.php?rest_route=%2Fwp%2Fv2%2Fcategories&post=56826"},{"taxonomy":"post_tag","embeddable":true,"href":"https:\/\/copades.com\/monec\/index.php?rest_route=%2Fwp%2Fv2%2Ftags&post=56826"}],"curies":[{"name":"wp","href":"https:\/\/api.w.org\/{rel}","templated":true}]}}