{"id":56878,"date":"2023-04-14T14:29:05","date_gmt":"2023-04-14T20:29:05","guid":{"rendered":"https:\/\/copades.com\/monec\/?p=56878"},"modified":"2023-04-17T14:30:12","modified_gmt":"2023-04-17T20:30:12","slug":"las-peticiones-por-desempleo-vuelven-a-subir-en-eeuu","status":"publish","type":"post","link":"https:\/\/copades.com\/monec\/?p=56878","title":{"rendered":"Las peticiones por desempleo vuelven a subir en EEUU"},"content":{"rendered":"<p style=\"text-align: justify;\">Las solicitudes de subsidios de desempleo en Estados Unidos aumentaron por primera vez en tres semanas, debido en gran parte a un aumento en California, lo que sugiere un cierto debilitamiento del mercado laboral. Las solicitudes iniciales de subsidio por paro ascendieron en 11.000, hasta 239.000, en la semana finalizada el 8 de abril, seg\u00fan muestran los datos publicados este jueves por el Departamento de Trabajo. La previsi\u00f3n media de una encuesta de Bloomberg entre economistas era de 235.000 solicitudes. Los datos pueden variar de una semana a otra, especialmente en fechas festivas como el Viernes Santo. La media m\u00f3vil de cuatro semanas de las solicitudes iniciales, que suaviza parte de la volatilidad, subi\u00f3 a 240.000 solicitudes. Los datos se suman a la evidencia de que el mercado laboral norteamericano est\u00e1 empezando a suavizarse tras un a\u00f1o de subidas de los tipos de inter\u00e9s por parte de la Reserva Federal. El Departamento de Trabajo actualiz\u00f3 la semana pasada sus factores estacionales para las solicitudes de subsidio de desempleo que se remontan a 2018, lo que impuls\u00f3 las solicitudes a un nivel que est\u00e1 m\u00e1s alineado con los despidos recientes. \u00abLas peticiones iniciales de subsidio de desempleo aumentaron la semana pasada, pero el mercado laboral se mantuvo tenso. Prevemos una tendencia al alza durante el resto del a\u00f1o y un m\u00e1ximo en el cuarto trimestre, cuando la econom\u00eda empiece a salir de una leve recesi\u00f3n. La pr\u00f3xima desaceleraci\u00f3n del mercado laboral ser\u00e1 moderada, ya que la ca\u00edda de la demanda ser\u00e1 bastante modesta y la reserva de mano de obra seguir\u00e1 siendo relativamente peque\u00f1a\u00bb, valoran desde <em>Oxford Economics<\/em>. (El Peri\u00f3dico 14.04.23)<\/p>\n","protected":false},"excerpt":{"rendered":"<p>Las solicitudes de subsidios de desempleo en Estados Unidos aumentaron por primera vez en tres semanas, debido en gran parte a un aumento en California, lo que sugiere un cierto debilitamiento del mercado laboral.&#46;&#46;&#46;<\/p>\n","protected":false},"author":1,"featured_media":52475,"comment_status":"open","ping_status":"closed","sticky":false,"template":"","format":"standard","meta":{"footnotes":""},"categories":[55],"tags":[1034,110,109],"class_list":["post-56878","post","type-post","status-publish","format-standard","has-post-thumbnail","hentry","category-internacionales-seleccion","tag-departamento-de-trabajo","tag-desempleo","tag-ee-uu"],"_links":{"self":[{"href":"https:\/\/copades.com\/monec\/index.php?rest_route=\/wp\/v2\/posts\/56878","targetHints":{"allow":["GET"]}}],"collection":[{"href":"https:\/\/copades.com\/monec\/index.php?rest_route=\/wp\/v2\/posts"}],"about":[{"href":"https:\/\/copades.com\/monec\/index.php?rest_route=\/wp\/v2\/types\/post"}],"author":[{"embeddable":true,"href":"https:\/\/copades.com\/monec\/index.php?rest_route=\/wp\/v2\/users\/1"}],"replies":[{"embeddable":true,"href":"https:\/\/copades.com\/monec\/index.php?rest_route=%2Fwp%2Fv2%2Fcomments&post=56878"}],"version-history":[{"count":1,"href":"https:\/\/copades.com\/monec\/index.php?rest_route=\/wp\/v2\/posts\/56878\/revisions"}],"predecessor-version":[{"id":56879,"href":"https:\/\/copades.com\/monec\/index.php?rest_route=\/wp\/v2\/posts\/56878\/revisions\/56879"}],"wp:featuredmedia":[{"embeddable":true,"href":"https:\/\/copades.com\/monec\/index.php?rest_route=\/wp\/v2\/media\/52475"}],"wp:attachment":[{"href":"https:\/\/copades.com\/monec\/index.php?rest_route=%2Fwp%2Fv2%2Fmedia&parent=56878"}],"wp:term":[{"taxonomy":"category","embeddable":true,"href":"https:\/\/copades.com\/monec\/index.php?rest_route=%2Fwp%2Fv2%2Fcategories&post=56878"},{"taxonomy":"post_tag","embeddable":true,"href":"https:\/\/copades.com\/monec\/index.php?rest_route=%2Fwp%2Fv2%2Ftags&post=56878"}],"curies":[{"name":"wp","href":"https:\/\/api.w.org\/{rel}","templated":true}]}}