{"id":56939,"date":"2023-04-20T16:25:37","date_gmt":"2023-04-20T22:25:37","guid":{"rendered":"https:\/\/copades.com\/monec\/?p=56939"},"modified":"2023-04-24T16:49:19","modified_gmt":"2023-04-24T22:49:19","slug":"empresarios-piden-mantenimiento-constante-de-tramo","status":"publish","type":"post","link":"https:\/\/copades.com\/monec\/?p=56939","title":{"rendered":"Empresarios piden mantenimiento constante de tramo"},"content":{"rendered":"<p style=\"text-align: justify;\">Una vez la autopista Pal\u00edn-Escuintla pase a la administraci\u00f3n estatal el pr\u00f3ximo 1 de mayo, al concluir la concesi\u00f3n que tuvo la empresa <em>Marhnos<\/em> durante 25 a\u00f1os, se le debe brindar el mantenimiento necesario para que se mantenga en condiciones \u00f3ptimas. Esta es la opini\u00f3n coincidente de una serie de empresarios consultados por Prensa libre, tras conocerse que este tramo vial ser\u00e1 devuelto al Ministerio de Comunicaciones, Infraestructura y Vivienda (CIV), para ser administrado por la Direcci\u00f3n General de Caminos (DGC). Por el momento, no se ha dado a conocer un programa de mantenimiento ni el nuevo pliego tarifario para los usuarios, aunque se adelant\u00f3 que podr\u00eda haber una disminuci\u00f3n. El principal temor de los consultados es que, al no seguir estrictamente un programa de mantenimiento preventivo o de mejoras en la autopista, el aumento del tr\u00e1fico por la reducci\u00f3n de la cuota podr\u00eda deteriorar el tramo, por lo que se debe garantizar su condici\u00f3n de viabilidad. La empresa concesionaria deber\u00e1 de dejar un programa de mantenimiento mayor, previo a la recepci\u00f3n y liquidaci\u00f3n del proyecto a la Direcci\u00f3n de Concesiones y Desincorporaciones del CIV, para lo cual cuenta con un plazo de 90 d\u00edas que finalizar\u00eda el 31 de julio, de acuerdo con <strong>Sandro Testelli<\/strong>, presidente de <em>Marhnos<\/em> Guatemala. El peaje de 22 kil\u00f3metros es considerado como un tramo estrat\u00e9gico para el pa\u00eds, ya que conecta hacia dos puntos fronterizos (M\u00e9xico y El Salvador) que son socios comerciales prioritarios; hacia los puertos Quetzal y APM Terminals; y es la v\u00eda hacia el resto de la Costa Sur, donde se realizan diversas actividades productivas de tipo comercial, industrial, agropecuaria, de construcci\u00f3n y turismo entre otras. (Prensa Libre 20.04.23)<\/p>\n","protected":false},"excerpt":{"rendered":"<p>Una vez la autopista Pal\u00edn-Escuintla pase a la administraci\u00f3n estatal el pr\u00f3ximo 1 de mayo, al concluir la concesi\u00f3n que tuvo la empresa Marhnos durante 25 a\u00f1os, se le debe brindar el mantenimiento necesario&#46;&#46;&#46;<\/p>\n","protected":false},"author":1,"featured_media":56940,"comment_status":"open","ping_status":"closed","sticky":false,"template":"","format":"standard","meta":{"footnotes":""},"categories":[5,11],"tags":[196,459],"class_list":["post-56939","post","type-post","status-publish","format-standard","has-post-thumbnail","hentry","category-actividad-productiva","category-construccion-e-infraestructura","tag-civ","tag-dgc"],"_links":{"self":[{"href":"https:\/\/copades.com\/monec\/index.php?rest_route=\/wp\/v2\/posts\/56939","targetHints":{"allow":["GET"]}}],"collection":[{"href":"https:\/\/copades.com\/monec\/index.php?rest_route=\/wp\/v2\/posts"}],"about":[{"href":"https:\/\/copades.com\/monec\/index.php?rest_route=\/wp\/v2\/types\/post"}],"author":[{"embeddable":true,"href":"https:\/\/copades.com\/monec\/index.php?rest_route=\/wp\/v2\/users\/1"}],"replies":[{"embeddable":true,"href":"https:\/\/copades.com\/monec\/index.php?rest_route=%2Fwp%2Fv2%2Fcomments&post=56939"}],"version-history":[{"count":1,"href":"https:\/\/copades.com\/monec\/index.php?rest_route=\/wp\/v2\/posts\/56939\/revisions"}],"predecessor-version":[{"id":56941,"href":"https:\/\/copades.com\/monec\/index.php?rest_route=\/wp\/v2\/posts\/56939\/revisions\/56941"}],"wp:featuredmedia":[{"embeddable":true,"href":"https:\/\/copades.com\/monec\/index.php?rest_route=\/wp\/v2\/media\/56940"}],"wp:attachment":[{"href":"https:\/\/copades.com\/monec\/index.php?rest_route=%2Fwp%2Fv2%2Fmedia&parent=56939"}],"wp:term":[{"taxonomy":"category","embeddable":true,"href":"https:\/\/copades.com\/monec\/index.php?rest_route=%2Fwp%2Fv2%2Fcategories&post=56939"},{"taxonomy":"post_tag","embeddable":true,"href":"https:\/\/copades.com\/monec\/index.php?rest_route=%2Fwp%2Fv2%2Ftags&post=56939"}],"curies":[{"name":"wp","href":"https:\/\/api.w.org\/{rel}","templated":true}]}}