{"id":57022,"date":"2023-03-10T17:12:47","date_gmt":"2023-03-10T23:12:47","guid":{"rendered":"https:\/\/copades.com\/monec\/?p=57022"},"modified":"2023-04-25T17:14:22","modified_gmt":"2023-04-25T23:14:22","slug":"la-inflacion-en-mexico-decrece-a-7-62-en-febrero","status":"publish","type":"post","link":"https:\/\/copades.com\/monec\/?p=57022","title":{"rendered":"La inflaci\u00f3n en M\u00e9xico decrece a 7.62 % en febrero"},"content":{"rendered":"<p style=\"text-align: justify;\">La tasa de inflaci\u00f3n general mexicana decreci\u00f3 al 7.62 % anual en febrero, su nivel m\u00e1s bajo desde marzo de 2022 y por debajo de las expectativas del mercado, inform\u00f3 este jueves el Instituto Nacional de Estad\u00edstica y Geograf\u00eda (Inegi). El dato rompe con dos meses de incrementos consecutivos, tras el \u00edndice de 7.91 % de enero y el de 7.82 % de diciembre pasado, cuando la inflaci\u00f3n tuvo su mayor cierre anual en 22 a\u00f1os y lo que va del siglo. El Inegi report\u00f3 que el \u00edndice de precios al consumidor (IPC) subi\u00f3 un 0.56 % en el mes. El instituto de estad\u00edstica record\u00f3 que en el mismo mes de 2022 la inflaci\u00f3n mensual fue de 0.83 % y la anual de 7.28 %. El \u00edndice de precios subyacente, considerado un mejor par\u00e1metro para medir la carest\u00eda general porque elimina art\u00edculos de alta volatilidad en sus precios, subi\u00f3 un 0.61 % mensual y un 8,29 % anual, detall\u00f3 el Inegi en su reporte. (Prensa Libre 10.03.23)<\/p>\n","protected":false},"excerpt":{"rendered":"<p>La tasa de inflaci\u00f3n general mexicana decreci\u00f3 al 7.62 % anual en febrero, su nivel m\u00e1s bajo desde marzo de 2022 y por debajo de las expectativas del mercado, inform\u00f3 este jueves el Instituto&#46;&#46;&#46;<\/p>\n","protected":false},"author":1,"featured_media":50701,"comment_status":"open","ping_status":"closed","sticky":false,"template":"","format":"standard","meta":{"footnotes":""},"categories":[55],"tags":[530,236,104,87],"class_list":["post-57022","post","type-post","status-publish","format-standard","has-post-thumbnail","hentry","category-internacionales-seleccion","tag-inegi","tag-inflacion-2","tag-ipc","tag-mexico"],"_links":{"self":[{"href":"https:\/\/copades.com\/monec\/index.php?rest_route=\/wp\/v2\/posts\/57022","targetHints":{"allow":["GET"]}}],"collection":[{"href":"https:\/\/copades.com\/monec\/index.php?rest_route=\/wp\/v2\/posts"}],"about":[{"href":"https:\/\/copades.com\/monec\/index.php?rest_route=\/wp\/v2\/types\/post"}],"author":[{"embeddable":true,"href":"https:\/\/copades.com\/monec\/index.php?rest_route=\/wp\/v2\/users\/1"}],"replies":[{"embeddable":true,"href":"https:\/\/copades.com\/monec\/index.php?rest_route=%2Fwp%2Fv2%2Fcomments&post=57022"}],"version-history":[{"count":1,"href":"https:\/\/copades.com\/monec\/index.php?rest_route=\/wp\/v2\/posts\/57022\/revisions"}],"predecessor-version":[{"id":57023,"href":"https:\/\/copades.com\/monec\/index.php?rest_route=\/wp\/v2\/posts\/57022\/revisions\/57023"}],"wp:featuredmedia":[{"embeddable":true,"href":"https:\/\/copades.com\/monec\/index.php?rest_route=\/wp\/v2\/media\/50701"}],"wp:attachment":[{"href":"https:\/\/copades.com\/monec\/index.php?rest_route=%2Fwp%2Fv2%2Fmedia&parent=57022"}],"wp:term":[{"taxonomy":"category","embeddable":true,"href":"https:\/\/copades.com\/monec\/index.php?rest_route=%2Fwp%2Fv2%2Fcategories&post=57022"},{"taxonomy":"post_tag","embeddable":true,"href":"https:\/\/copades.com\/monec\/index.php?rest_route=%2Fwp%2Fv2%2Ftags&post=57022"}],"curies":[{"name":"wp","href":"https:\/\/api.w.org\/{rel}","templated":true}]}}