{"id":5708,"date":"2013-02-27T15:59:59","date_gmt":"2013-02-27T15:59:59","guid":{"rendered":"http:\/\/copades.com\/monec\/?p=5708"},"modified":"2013-02-27T15:59:59","modified_gmt":"2013-02-27T15:59:59","slug":"roya-del-cafe-preocupa-a-clientes","status":"publish","type":"post","link":"https:\/\/copades.com\/monec\/?p=5708","title":{"rendered":"Roya del caf\u00e9 preocupa a clientes"},"content":{"rendered":"<p style=\"text-align: justify;\">La baja producci\u00f3n de caf\u00e9 para la cosecha 2012-2013 por el impacto de la roya preocupa a compradores en el exterior, por ello, una delegaci\u00f3n de comercializadores taiwaneses inici\u00f3 una visita al pa\u00eds. <strong>Eugenia Yang<\/strong>, consejera econ\u00f3mica de la Embajada de Taiw\u00e1n en Guatemala, expuso el 26 de febrero que los empresarios de ese pa\u00eds temen una posible escasez del grano nacional para esta cosecha, lo que causar\u00eda una mayor demanda en ese mercado. \u201cLa poca producci\u00f3n ha generado temor a los clientes, porque el caf\u00e9 de Guatemala es muy aceptado en Taiw\u00e1n\u201d, expuso. Para afianzar los contratos, dijo, una misi\u00f3n de 11 empresarios dedicados a la comercializaci\u00f3n del grano buscan garantizar el suministro del producto en esta cosecha en Centroam\u00e9rica, sobre todo en el pa\u00eds. (Prensa Libre\/Siglo XXI\/Diario de Centroamerica 27.02.13)<\/p>\n","protected":false},"excerpt":{"rendered":"<p>La baja producci\u00f3n de caf\u00e9 para la cosecha 2012-2013 por el impacto de la roya preocupa a compradores en el exterior, por ello, una delegaci\u00f3n de comercializadores taiwaneses inici\u00f3 una visita al pa\u00eds. Eugenia&#46;&#46;&#46;<\/p>\n","protected":false},"author":1,"featured_media":0,"comment_status":"open","ping_status":"closed","sticky":false,"template":"","format":"standard","meta":{"footnotes":""},"categories":[24,30],"tags":[1000],"class_list":["post-5708","post","type-post","status-publish","format-standard","hentry","category-comercio-exterior","category-exportaciones-de-cafe","tag-embajada-de-taiwan"],"_links":{"self":[{"href":"https:\/\/copades.com\/monec\/index.php?rest_route=\/wp\/v2\/posts\/5708","targetHints":{"allow":["GET"]}}],"collection":[{"href":"https:\/\/copades.com\/monec\/index.php?rest_route=\/wp\/v2\/posts"}],"about":[{"href":"https:\/\/copades.com\/monec\/index.php?rest_route=\/wp\/v2\/types\/post"}],"author":[{"embeddable":true,"href":"https:\/\/copades.com\/monec\/index.php?rest_route=\/wp\/v2\/users\/1"}],"replies":[{"embeddable":true,"href":"https:\/\/copades.com\/monec\/index.php?rest_route=%2Fwp%2Fv2%2Fcomments&post=5708"}],"version-history":[{"count":1,"href":"https:\/\/copades.com\/monec\/index.php?rest_route=\/wp\/v2\/posts\/5708\/revisions"}],"predecessor-version":[{"id":5709,"href":"https:\/\/copades.com\/monec\/index.php?rest_route=\/wp\/v2\/posts\/5708\/revisions\/5709"}],"wp:attachment":[{"href":"https:\/\/copades.com\/monec\/index.php?rest_route=%2Fwp%2Fv2%2Fmedia&parent=5708"}],"wp:term":[{"taxonomy":"category","embeddable":true,"href":"https:\/\/copades.com\/monec\/index.php?rest_route=%2Fwp%2Fv2%2Fcategories&post=5708"},{"taxonomy":"post_tag","embeddable":true,"href":"https:\/\/copades.com\/monec\/index.php?rest_route=%2Fwp%2Fv2%2Ftags&post=5708"}],"curies":[{"name":"wp","href":"https:\/\/api.w.org\/{rel}","templated":true}]}}