{"id":57098,"date":"2023-04-28T16:12:17","date_gmt":"2023-04-28T22:12:17","guid":{"rendered":"https:\/\/copades.com\/monec\/?p=57098"},"modified":"2023-05-02T16:13:31","modified_gmt":"2023-05-02T22:13:31","slug":"gobierno-acelera-gasto-por-ano-electoral-en-tres-meses-ya-registra-deficit","status":"publish","type":"post","link":"https:\/\/copades.com\/monec\/?p=57098","title":{"rendered":"Gobierno acelera gasto por a\u00f1o electoral, en tres meses ya registra d\u00e9ficit"},"content":{"rendered":"<p style=\"text-align: justify;\">La situaci\u00f3n financiera de la administraci\u00f3n central del Estado refleja que hasta el mes de marzo del 2023 la ejecuci\u00f3n del presupuesto nacional manten\u00eda un d\u00e9ficit de Q183.9 millones, lo que contrasta con el super\u00e1vit de Q1,199.3 millones registrados al mismo mes del a\u00f1o anterior. En este contexto, <strong>Ricardo Barrientos,<\/strong> especialista en pol\u00edtica fiscal del Instituto Centroamericano de Estudios Fiscales (ICEFI), explic\u00f3 que \u201ceste a\u00f1o los ingresos han aumentado a menor ritmo que en a\u00f1os anteriores, en tanto el gasto p\u00fablico sigue creciendo al mismo ritmo\u00bb. Mientras <strong>Erick Coyoy<\/strong>, consultor financiero de la Asociaci\u00f3n de Investigaci\u00f3n y Estudios Sociales ASIES indic\u00f3 que, \u201cel mayor aumento del gasto puede deberse a que hay m\u00e1s inter\u00e9s de los funcionarios por gastar dado que est\u00e1n en campa\u00f1a electoral, y pr\u00e1cticamente no hay ning\u00fan control sobre el uso de fondos p\u00fablicos para este prop\u00f3sito\u201d. La ejecuci\u00f3n del gasto p\u00fablico hasta marzo alcanz\u00f3 los Q24 mil 535.6 millones. Seg\u00fan datos obtenidos en el Ministerio de Finanzas (Minfin) se tuvo una variaci\u00f3n interanual de 19.0%. Esta en comparaci\u00f3n con el a\u00f1o pasado. En cuanto a las prestaciones a la seguridad social se reporta un crecimiento interanual de 16.7% equivalente a Q216.1 millones. Es importante recordar que en el a\u00f1o 2022 el presidente <strong>Alejandro Giammattei <\/strong>aprob\u00f3 un aumento del 10% para los acogidos en el r\u00e9gimen de clases pasivas y civiles del Estado, cifra que se ver\u00e1 reflejada en el 2023. En ese sentido, es de 40.3% la variaci\u00f3n reflejada en el gasto de bienes y servicios del Estado, este rubro se mantiene en aumento en relaci\u00f3n de los a\u00f1os 2021, 2022 y 2023. Del gasto p\u00fablico total hasta marzo, el 49.4% corresponde a gastos destinados a los sectores sociales prioritarios de acuerdo al cumplimiento de metas de los Acuerdo de Paz. (La Hora 28.04.23)<\/p>\n","protected":false},"excerpt":{"rendered":"<p>La situaci\u00f3n financiera de la administraci\u00f3n central del Estado refleja que hasta el mes de marzo del 2023 la ejecuci\u00f3n del presupuesto nacional manten\u00eda un d\u00e9ficit de Q183.9 millones, lo que contrasta con el&#46;&#46;&#46;<\/p>\n","protected":false},"author":1,"featured_media":48470,"comment_status":"open","ping_status":"closed","sticky":false,"template":"","format":"standard","meta":{"footnotes":""},"categories":[41,39],"tags":[126,206],"class_list":["post-57098","post","type-post","status-publish","format-standard","has-post-thumbnail","hentry","category-finanzas-publicas","category-sector-publico","tag-icefi","tag-minfin"],"_links":{"self":[{"href":"https:\/\/copades.com\/monec\/index.php?rest_route=\/wp\/v2\/posts\/57098","targetHints":{"allow":["GET"]}}],"collection":[{"href":"https:\/\/copades.com\/monec\/index.php?rest_route=\/wp\/v2\/posts"}],"about":[{"href":"https:\/\/copades.com\/monec\/index.php?rest_route=\/wp\/v2\/types\/post"}],"author":[{"embeddable":true,"href":"https:\/\/copades.com\/monec\/index.php?rest_route=\/wp\/v2\/users\/1"}],"replies":[{"embeddable":true,"href":"https:\/\/copades.com\/monec\/index.php?rest_route=%2Fwp%2Fv2%2Fcomments&post=57098"}],"version-history":[{"count":1,"href":"https:\/\/copades.com\/monec\/index.php?rest_route=\/wp\/v2\/posts\/57098\/revisions"}],"predecessor-version":[{"id":57099,"href":"https:\/\/copades.com\/monec\/index.php?rest_route=\/wp\/v2\/posts\/57098\/revisions\/57099"}],"wp:featuredmedia":[{"embeddable":true,"href":"https:\/\/copades.com\/monec\/index.php?rest_route=\/wp\/v2\/media\/48470"}],"wp:attachment":[{"href":"https:\/\/copades.com\/monec\/index.php?rest_route=%2Fwp%2Fv2%2Fmedia&parent=57098"}],"wp:term":[{"taxonomy":"category","embeddable":true,"href":"https:\/\/copades.com\/monec\/index.php?rest_route=%2Fwp%2Fv2%2Fcategories&post=57098"},{"taxonomy":"post_tag","embeddable":true,"href":"https:\/\/copades.com\/monec\/index.php?rest_route=%2Fwp%2Fv2%2Ftags&post=57098"}],"curies":[{"name":"wp","href":"https:\/\/api.w.org\/{rel}","templated":true}]}}