{"id":5736,"date":"2013-03-01T16:10:24","date_gmt":"2013-03-01T16:10:24","guid":{"rendered":"http:\/\/copades.com\/monec\/?p=5736"},"modified":"2013-03-01T16:10:24","modified_gmt":"2013-03-01T16:10:24","slug":"plaga-dana-maiz-en-peten","status":"publish","type":"post","link":"https:\/\/copades.com\/monec\/?p=5736","title":{"rendered":"Plaga da\u00f1a ma\u00edz en Pet\u00e9n"},"content":{"rendered":"<p style=\"text-align: justify;\">Al menos cien mil quintales de ma\u00edz se perdieron por la plaga llamada \u201cmancha de asfalto\u201d en los municipios de <em>Las Cruces<\/em> y <em>La Libertad<\/em>, Pet\u00e9n, que afect\u00f3 a m\u00e1s de 1,500 peque\u00f1os agricultores, quienes piden ayuda. <strong>M\u00e1ximo Cano<\/strong>, director de la <em>Coordinadora Nacional Ind\u00edgena Campesina Pet\u00e9n<\/em>, afirm\u00f3 que despu\u00e9s de un recorrido por las \u00e1reas da\u00f1adas, se contaron m\u00e1s de dos mil manzanas de terreno, con un promedio de 50 quintales de ma\u00edz por manzana, lo que equivale a cien mil quintales de grano perjudicado por la plaga. La organizaci\u00f3n solicit\u00f3 a las autoridades del Ministerio de Agricultura apoyo para los afectados. <strong>Ed\u00edn de Jes\u00fas Mej\u00eda<\/strong>, viceministro de Agricultura, dijo que esta situaci\u00f3n da\u00f1a directamente la econom\u00eda de aquellos agricultores que trabajan hasta dos manzanas y que el a\u00f1o pasado se hicieron las recomendaciones para prevenir este problema. (Prensa Libre 01.03.13)<\/p>\n","protected":false},"excerpt":{"rendered":"<p>Al menos cien mil quintales de ma\u00edz se perdieron por la plaga llamada \u201cmancha de asfalto\u201d en los municipios de Las Cruces y La Libertad, Pet\u00e9n, que afect\u00f3 a m\u00e1s de 1,500 peque\u00f1os agricultores,&#46;&#46;&#46;<\/p>\n","protected":false},"author":1,"featured_media":0,"comment_status":"open","ping_status":"closed","sticky":false,"template":"","format":"standard","meta":{"footnotes":""},"categories":[5,10],"tags":[990],"class_list":["post-5736","post","type-post","status-publish","format-standard","hentry","category-actividad-productiva","category-agricultura","tag-ministerio-de-agricultura"],"_links":{"self":[{"href":"https:\/\/copades.com\/monec\/index.php?rest_route=\/wp\/v2\/posts\/5736","targetHints":{"allow":["GET"]}}],"collection":[{"href":"https:\/\/copades.com\/monec\/index.php?rest_route=\/wp\/v2\/posts"}],"about":[{"href":"https:\/\/copades.com\/monec\/index.php?rest_route=\/wp\/v2\/types\/post"}],"author":[{"embeddable":true,"href":"https:\/\/copades.com\/monec\/index.php?rest_route=\/wp\/v2\/users\/1"}],"replies":[{"embeddable":true,"href":"https:\/\/copades.com\/monec\/index.php?rest_route=%2Fwp%2Fv2%2Fcomments&post=5736"}],"version-history":[{"count":1,"href":"https:\/\/copades.com\/monec\/index.php?rest_route=\/wp\/v2\/posts\/5736\/revisions"}],"predecessor-version":[{"id":5737,"href":"https:\/\/copades.com\/monec\/index.php?rest_route=\/wp\/v2\/posts\/5736\/revisions\/5737"}],"wp:attachment":[{"href":"https:\/\/copades.com\/monec\/index.php?rest_route=%2Fwp%2Fv2%2Fmedia&parent=5736"}],"wp:term":[{"taxonomy":"category","embeddable":true,"href":"https:\/\/copades.com\/monec\/index.php?rest_route=%2Fwp%2Fv2%2Fcategories&post=5736"},{"taxonomy":"post_tag","embeddable":true,"href":"https:\/\/copades.com\/monec\/index.php?rest_route=%2Fwp%2Fv2%2Ftags&post=5736"}],"curies":[{"name":"wp","href":"https:\/\/api.w.org\/{rel}","templated":true}]}}