{"id":57378,"date":"2023-05-19T13:22:56","date_gmt":"2023-05-19T19:22:56","guid":{"rendered":"https:\/\/copades.com\/monec\/?p=57378"},"modified":"2023-05-19T13:22:56","modified_gmt":"2023-05-19T19:22:56","slug":"gobierno-de-mexico-promulga-la-creacion-de-una-aerolinea-a-cargo-del-ejercito","status":"publish","type":"post","link":"https:\/\/copades.com\/monec\/?p=57378","title":{"rendered":"Gobierno de M\u00e9xico promulga la creaci\u00f3n de una aerol\u00ednea a cargo del Ej\u00e9rcito"},"content":{"rendered":"<p style=\"text-align: justify;\">El Gobierno mexicano promulg\u00f3 este jueves la creaci\u00f3n de una aerol\u00ednea comercial administrada por el Ej\u00e9rcito que ofrecer\u00e1 vuelos nacionales, internacionales y de carga. El decreto, basado en una reforma aprobada en abril pasado, se public\u00f3 en el Diario Oficial de la Federaci\u00f3n (DOF) y \u201cautoriza la constituci\u00f3n de una empresa de participaci\u00f3n estatal mayoritaria, denominada Aerol\u00ednea del Estado Mexicano, agrupada al sector de la Secretar\u00eda de la Defensa Nacional (Sedena)\u201d. De acuerdo con la publicaci\u00f3n de la Secretar\u00eda de Hacienda en el DOF, esta nueva aerol\u00ednea ofrecer\u00e1 servicios p\u00fablicos de transporte a\u00e9reo nacional e internacional de pasajeros, carga, correo o una combinaci\u00f3n de estos. Tambi\u00e9n prestar\u00e1 servicios bajo la modalidad de paquete tur\u00edstico o de traslado, charter y taxi a\u00e9reo. As\u00ed, establece que el Ej\u00e9rcito realizar\u00e1 \u201ctodas las acciones necesarias para promover, explotar y prestar el servicio p\u00fablico de transporte a\u00e9reo regular nacional e internacional de pasajeros, carga, correo o una combinaci\u00f3n de \u00e9stos, por cuenta propia o, a trav\u00e9s de personas p\u00fablicas o privadas\u201d. El documento establece adem\u00e1s que el capital social de la nueva aerol\u00ednea ser\u00e1 variable y se constituir\u00e1 de 1 mill\u00f3n de pesos (56,328 d\u00f3lares o 52,300 euros), de los que 990,000 pesos (55,764 d\u00f3lares o 51,755 euros) ser\u00e1n aportados por el presupuesto de la Sedena, y 10,000 pesos (563 d\u00f3lares o 522 euros) por el Banco Nacional del Ej\u00e9rcito y Fuerza A\u00e9rea. (eleconomista.net 19.05.23)<\/p>\n","protected":false},"excerpt":{"rendered":"<p>El Gobierno mexicano promulg\u00f3 este jueves la creaci\u00f3n de una aerol\u00ednea comercial administrada por el Ej\u00e9rcito que ofrecer\u00e1 vuelos nacionales, internacionales y de carga. El decreto, basado en una reforma aprobada en abril pasado,&#46;&#46;&#46;<\/p>\n","protected":false},"author":1,"featured_media":50701,"comment_status":"open","ping_status":"closed","sticky":false,"template":"","format":"standard","meta":{"footnotes":""},"categories":[55],"tags":[266,87,8154],"class_list":["post-57378","post","type-post","status-publish","format-standard","has-post-thumbnail","hentry","category-internacionales-seleccion","tag-dof","tag-mexico","tag-sedena"],"_links":{"self":[{"href":"https:\/\/copades.com\/monec\/index.php?rest_route=\/wp\/v2\/posts\/57378","targetHints":{"allow":["GET"]}}],"collection":[{"href":"https:\/\/copades.com\/monec\/index.php?rest_route=\/wp\/v2\/posts"}],"about":[{"href":"https:\/\/copades.com\/monec\/index.php?rest_route=\/wp\/v2\/types\/post"}],"author":[{"embeddable":true,"href":"https:\/\/copades.com\/monec\/index.php?rest_route=\/wp\/v2\/users\/1"}],"replies":[{"embeddable":true,"href":"https:\/\/copades.com\/monec\/index.php?rest_route=%2Fwp%2Fv2%2Fcomments&post=57378"}],"version-history":[{"count":1,"href":"https:\/\/copades.com\/monec\/index.php?rest_route=\/wp\/v2\/posts\/57378\/revisions"}],"predecessor-version":[{"id":57379,"href":"https:\/\/copades.com\/monec\/index.php?rest_route=\/wp\/v2\/posts\/57378\/revisions\/57379"}],"wp:featuredmedia":[{"embeddable":true,"href":"https:\/\/copades.com\/monec\/index.php?rest_route=\/wp\/v2\/media\/50701"}],"wp:attachment":[{"href":"https:\/\/copades.com\/monec\/index.php?rest_route=%2Fwp%2Fv2%2Fmedia&parent=57378"}],"wp:term":[{"taxonomy":"category","embeddable":true,"href":"https:\/\/copades.com\/monec\/index.php?rest_route=%2Fwp%2Fv2%2Fcategories&post=57378"},{"taxonomy":"post_tag","embeddable":true,"href":"https:\/\/copades.com\/monec\/index.php?rest_route=%2Fwp%2Fv2%2Ftags&post=57378"}],"curies":[{"name":"wp","href":"https:\/\/api.w.org\/{rel}","templated":true}]}}