{"id":57382,"date":"2023-05-22T18:54:49","date_gmt":"2023-05-23T00:54:49","guid":{"rendered":"https:\/\/copades.com\/monec\/?p=57382"},"modified":"2023-05-22T18:54:49","modified_gmt":"2023-05-23T00:54:49","slug":"subsidio-a-energia-y-al-gas-terminara","status":"publish","type":"post","link":"https:\/\/copades.com\/monec\/?p=57382","title":{"rendered":"Subsidio a energ\u00eda y al gas terminar\u00e1"},"content":{"rendered":"<p style=\"text-align: justify;\">Los subsidios temporales para el gas y la energ\u00eda el\u00e9ctrica vencer\u00e1n en junio pr\u00f3ximo, y de no haber ampliaciones, los usuarios deber\u00e1n pagar el precio total del producto o servicio. Hasta el viernes, al Congreso no hab\u00eda llegado ninguna iniciativa de ley para ampliar el apoyo social temporal, mientras que en el Organismo Ejecutivo tampoco se trabaja en alguna propuesta, seg\u00fan indicaron funcionarios. El m\u00e1s pr\u00f3ximo a vencerse es el subsidio al gas, el pr\u00f3ximo 15 de junio. Este beneficio fue aprobado por tres meses, seg\u00fan el decreto 5-2023, y el cual entr\u00f3 en vigor el pasado 16 de marzo por un monto total de Q150 millones. En la actualidad la subvenci\u00f3n se aplican Q8 para los cilindros de 10 libras, que seg\u00fan el monitoreo m\u00e1s reciente del Ministerio de Energ\u00eda y Minas (MEM) tiene un precio de Q46 ya con el subsidio aplicado. En el caso de la energ\u00eda el\u00e9ctrica, el aporte extraordinario aprobado en el decreto 1-2023 del Congreso para los usuarios en la tarifa social que consumen de 89 a 125 kilovatios hora (kWh) al mes, est\u00e1 vigente hasta el 30 de junio pr\u00f3ximo. El monto total es por Q197 millones. (Prensa Libre 22.05.23)<\/p>\n","protected":false},"excerpt":{"rendered":"<p>Los subsidios temporales para el gas y la energ\u00eda el\u00e9ctrica vencer\u00e1n en junio pr\u00f3ximo, y de no haber ampliaciones, los usuarios deber\u00e1n pagar el precio total del producto o servicio. Hasta el viernes, al&#46;&#46;&#46;<\/p>\n","protected":false},"author":1,"featured_media":48249,"comment_status":"open","ping_status":"closed","sticky":false,"template":"","format":"standard","meta":{"footnotes":""},"categories":[41,39],"tags":[2896,5694,105,7279],"class_list":["post-57382","post","type-post","status-publish","format-standard","has-post-thumbnail","hentry","category-finanzas-publicas","category-sector-publico","tag-energia-electrica-2","tag-gas","tag-mem","tag-subsidio"],"_links":{"self":[{"href":"https:\/\/copades.com\/monec\/index.php?rest_route=\/wp\/v2\/posts\/57382","targetHints":{"allow":["GET"]}}],"collection":[{"href":"https:\/\/copades.com\/monec\/index.php?rest_route=\/wp\/v2\/posts"}],"about":[{"href":"https:\/\/copades.com\/monec\/index.php?rest_route=\/wp\/v2\/types\/post"}],"author":[{"embeddable":true,"href":"https:\/\/copades.com\/monec\/index.php?rest_route=\/wp\/v2\/users\/1"}],"replies":[{"embeddable":true,"href":"https:\/\/copades.com\/monec\/index.php?rest_route=%2Fwp%2Fv2%2Fcomments&post=57382"}],"version-history":[{"count":1,"href":"https:\/\/copades.com\/monec\/index.php?rest_route=\/wp\/v2\/posts\/57382\/revisions"}],"predecessor-version":[{"id":57383,"href":"https:\/\/copades.com\/monec\/index.php?rest_route=\/wp\/v2\/posts\/57382\/revisions\/57383"}],"wp:featuredmedia":[{"embeddable":true,"href":"https:\/\/copades.com\/monec\/index.php?rest_route=\/wp\/v2\/media\/48249"}],"wp:attachment":[{"href":"https:\/\/copades.com\/monec\/index.php?rest_route=%2Fwp%2Fv2%2Fmedia&parent=57382"}],"wp:term":[{"taxonomy":"category","embeddable":true,"href":"https:\/\/copades.com\/monec\/index.php?rest_route=%2Fwp%2Fv2%2Fcategories&post=57382"},{"taxonomy":"post_tag","embeddable":true,"href":"https:\/\/copades.com\/monec\/index.php?rest_route=%2Fwp%2Fv2%2Ftags&post=57382"}],"curies":[{"name":"wp","href":"https:\/\/api.w.org\/{rel}","templated":true}]}}