{"id":57434,"date":"2023-05-24T15:53:41","date_gmt":"2023-05-24T21:53:41","guid":{"rendered":"https:\/\/copades.com\/monec\/?p=57434"},"modified":"2023-05-24T15:53:41","modified_gmt":"2023-05-24T21:53:41","slug":"la-casa-blanca-descarta-una-solucion-constitucional-a-la-crisis-de-la-deuda","status":"publish","type":"post","link":"https:\/\/copades.com\/monec\/?p=57434","title":{"rendered":"La Casa Blanca descarta una soluci\u00f3n constitucional a la crisis de la deuda"},"content":{"rendered":"<p style=\"text-align: justify;\">El presidente <strong>Joe Biden<\/strong> no considera invocar la 14\u00aa Enmienda constitucional para evitar el impago de la deuda de Estados Unidos, dijo el martes la Casa Blanca. Biden y el presidente republicano de la C\u00e1mara de Representantes, Kevin McCarthy, dialogaron para intentar llegar a un acuerdo que permita elevar el actual l\u00edmite de endeudamiento y Washington pueda hacer frente a sus actuales compromisos.\u00a0 Ampararse en esa enmienda, que seg\u00fan algunos acad\u00e9micos permitir\u00eda al departamento del Tesoro ignorar el tope de la deuda, \u201cno solucionar\u00e1 el problema que tenemos ahora\u201d, declar\u00f3 a los periodistas la secretaria de prensa de la Casa Blanca, <strong>Karine Jean-Pierre<\/strong>. Biden dijo d\u00edas atr\u00e1s que estaba estudiando la posibilidad de invocar la 14\u00aa Enmienda, pero que le preocupaban los da\u00f1os econ\u00f3micos que podr\u00edan producirse mientras se resolv\u00edan eventuales impugnaciones legales. Las declaraciones de Jean-Pierre sugieren que est\u00e1 detenido cualquier plan de utilizar un mecanismo constitucional para resolver la crisis de la deuda. La vocera tambi\u00e9n pareci\u00f3 descartar una pr\u00f3rroga a corto plazo del techo de la deuda para que las partes tengan m\u00e1s tiempo para negociar. Dijo a los periodistas que esa soluci\u00f3n \u201cno est\u00e1 sobre la mesa\u201d. (Prensa Libre 24.05.23)<\/p>\n","protected":false},"excerpt":{"rendered":"<p>El presidente Joe Biden no considera invocar la 14\u00aa Enmienda constitucional para evitar el impago de la deuda de Estados Unidos, dijo el martes la Casa Blanca. Biden y el presidente republicano de la&#46;&#46;&#46;<\/p>\n","protected":false},"author":1,"featured_media":48011,"comment_status":"open","ping_status":"closed","sticky":false,"template":"","format":"standard","meta":{"footnotes":""},"categories":[55],"tags":[854,8160,2670],"class_list":["post-57434","post","type-post","status-publish","format-standard","has-post-thumbnail","hentry","category-internacionales-seleccion","tag-casa-blanca","tag-crisis-de-la-deuda","tag-joe-biden"],"_links":{"self":[{"href":"https:\/\/copades.com\/monec\/index.php?rest_route=\/wp\/v2\/posts\/57434","targetHints":{"allow":["GET"]}}],"collection":[{"href":"https:\/\/copades.com\/monec\/index.php?rest_route=\/wp\/v2\/posts"}],"about":[{"href":"https:\/\/copades.com\/monec\/index.php?rest_route=\/wp\/v2\/types\/post"}],"author":[{"embeddable":true,"href":"https:\/\/copades.com\/monec\/index.php?rest_route=\/wp\/v2\/users\/1"}],"replies":[{"embeddable":true,"href":"https:\/\/copades.com\/monec\/index.php?rest_route=%2Fwp%2Fv2%2Fcomments&post=57434"}],"version-history":[{"count":1,"href":"https:\/\/copades.com\/monec\/index.php?rest_route=\/wp\/v2\/posts\/57434\/revisions"}],"predecessor-version":[{"id":57435,"href":"https:\/\/copades.com\/monec\/index.php?rest_route=\/wp\/v2\/posts\/57434\/revisions\/57435"}],"wp:featuredmedia":[{"embeddable":true,"href":"https:\/\/copades.com\/monec\/index.php?rest_route=\/wp\/v2\/media\/48011"}],"wp:attachment":[{"href":"https:\/\/copades.com\/monec\/index.php?rest_route=%2Fwp%2Fv2%2Fmedia&parent=57434"}],"wp:term":[{"taxonomy":"category","embeddable":true,"href":"https:\/\/copades.com\/monec\/index.php?rest_route=%2Fwp%2Fv2%2Fcategories&post=57434"},{"taxonomy":"post_tag","embeddable":true,"href":"https:\/\/copades.com\/monec\/index.php?rest_route=%2Fwp%2Fv2%2Ftags&post=57434"}],"curies":[{"name":"wp","href":"https:\/\/api.w.org\/{rel}","templated":true}]}}