{"id":57509,"date":"2023-05-29T14:11:43","date_gmt":"2023-05-29T20:11:43","guid":{"rendered":"https:\/\/copades.com\/monec\/?p=57509"},"modified":"2023-05-29T14:11:43","modified_gmt":"2023-05-29T20:11:43","slug":"biden-confirma-un-acuerdo-con-mccarthy-para-elevar-el-techo-de-la-deuda","status":"publish","type":"post","link":"https:\/\/copades.com\/monec\/?p=57509","title":{"rendered":"Biden confirma un acuerdo con McCarthy para elevar el techo de la deuda"},"content":{"rendered":"<p style=\"text-align: justify;\">El presidente de Estados Unidos, <strong>Joe Biden<\/strong>, ha anunciado este domingo que finalmente la Casa Blanca ha llegado a un acuerdo con el presidente de la C\u00e1mara de Representantes, <strong>Kevin McCarthy<\/strong>, para elevar el l\u00edmite de la deuda durante un periodo de dos a\u00f1os. \u00abEste acuerdo es una buena noticia para el pueblo estadounidense, porque evita lo que podr\u00eda haber sido un incumplimiento de pago catastr\u00f3fico que habr\u00eda llevado a una recesi\u00f3n econ\u00f3mica, cuentas de jubilaci\u00f3n devastadas y millones de empleos perdidos\u00bb, ha indicado en un comunicado remitido por la Casa Blanca. En este sentido, Biden ha destacado que el acuerdo representa un \u00abcompromiso\u00bb. \u00abDurante los pr\u00f3ximos d\u00edas, nuestros equipos de negociaci\u00f3n finalizar\u00e1n el texto legislativo y el acuerdo ir\u00e1 a la C\u00e1mara y el Senado\u00bb, ha agregado. La noticia llega tras unas intensas jornadas de contactos entre los equipos de Biden y McCarthy durante la jornada del s\u00e1bado, en la que ya se anunci\u00f3 un principio de acuerdo tras una llamada entre ambos. El republicano ha instado a las partes a trabajar de cara a la votaci\u00f3n del texto, prevista para el mi\u00e9rcoles. \u00abVotaremos por un acuerdo que limite la deuda (y) detenga el gasto imprudente de los dem\u00f3cratas, recupere los fondos de la COVID-19 no gastados, bloquee los nuevos esquemas fiscales de Biden y mucho, mucho m\u00e1s\u00bb, ha precisado McCarthy con anterioridad en su perfil de Twitter. La secretaria del Tesoro de Estados Unidos, <strong>Janet Yellen<\/strong>, puso como fecha l\u00edmite para la aprobaci\u00f3n de la medida el pr\u00f3ximo 5 de junio, por lo que la C\u00e1mara de Representantes trabaja ya a contrarreloj para dar &#8216;luz verde&#8217; al texto y que sea firmado por Biden cuanto antes. Yellen alert\u00f3 anteriormente de que no llegar a un acuerdo sobre el techo de la deuda provocar\u00eda \u00abuna cat\u00e1strofe econ\u00f3mica y financiera\u00bb que desencadenar\u00eda una recesi\u00f3n mundial y amenazar\u00eda con socavar el liderazgo estadounidense. (eleconomista.net\/Prensa Libre 29.05.23)<\/p>\n","protected":false},"excerpt":{"rendered":"<p>El presidente de Estados Unidos, Joe Biden, ha anunciado este domingo que finalmente la Casa Blanca ha llegado a un acuerdo con el presidente de la C\u00e1mara de Representantes, Kevin McCarthy, para elevar el&#46;&#46;&#46;<\/p>\n","protected":false},"author":1,"featured_media":56146,"comment_status":"open","ping_status":"closed","sticky":false,"template":"","format":"standard","meta":{"footnotes":""},"categories":[55],"tags":[854,2670,8169,8168],"class_list":["post-57509","post","type-post","status-publish","format-standard","has-post-thumbnail","hentry","category-internacionales-seleccion","tag-casa-blanca","tag-joe-biden","tag-mccarthy","tag-techo-de-la-deuda"],"_links":{"self":[{"href":"https:\/\/copades.com\/monec\/index.php?rest_route=\/wp\/v2\/posts\/57509","targetHints":{"allow":["GET"]}}],"collection":[{"href":"https:\/\/copades.com\/monec\/index.php?rest_route=\/wp\/v2\/posts"}],"about":[{"href":"https:\/\/copades.com\/monec\/index.php?rest_route=\/wp\/v2\/types\/post"}],"author":[{"embeddable":true,"href":"https:\/\/copades.com\/monec\/index.php?rest_route=\/wp\/v2\/users\/1"}],"replies":[{"embeddable":true,"href":"https:\/\/copades.com\/monec\/index.php?rest_route=%2Fwp%2Fv2%2Fcomments&post=57509"}],"version-history":[{"count":1,"href":"https:\/\/copades.com\/monec\/index.php?rest_route=\/wp\/v2\/posts\/57509\/revisions"}],"predecessor-version":[{"id":57510,"href":"https:\/\/copades.com\/monec\/index.php?rest_route=\/wp\/v2\/posts\/57509\/revisions\/57510"}],"wp:featuredmedia":[{"embeddable":true,"href":"https:\/\/copades.com\/monec\/index.php?rest_route=\/wp\/v2\/media\/56146"}],"wp:attachment":[{"href":"https:\/\/copades.com\/monec\/index.php?rest_route=%2Fwp%2Fv2%2Fmedia&parent=57509"}],"wp:term":[{"taxonomy":"category","embeddable":true,"href":"https:\/\/copades.com\/monec\/index.php?rest_route=%2Fwp%2Fv2%2Fcategories&post=57509"},{"taxonomy":"post_tag","embeddable":true,"href":"https:\/\/copades.com\/monec\/index.php?rest_route=%2Fwp%2Fv2%2Ftags&post=57509"}],"curies":[{"name":"wp","href":"https:\/\/api.w.org\/{rel}","templated":true}]}}