{"id":57541,"date":"2023-06-01T18:56:18","date_gmt":"2023-06-02T00:56:18","guid":{"rendered":"https:\/\/copades.com\/monec\/?p=57541"},"modified":"2023-06-04T19:00:58","modified_gmt":"2023-06-05T01:00:58","slug":"junta-monetaria-mantiene-tasa-lider-en-5","status":"publish","type":"post","link":"https:\/\/copades.com\/monec\/?p=57541","title":{"rendered":"Junta Monetaria mantiene Tasa L\u00edder en 5%"},"content":{"rendered":"<p style=\"text-align: justify;\">Tras aumentar en nueve ocasiones la Tasa de Inter\u00e9s L\u00edder de Pol\u00edtica Monetaria, este mi\u00e9rcoles 31 de mayo, el vicepresidente de la Junta Monetaria y del Banco de Guatemala (Banguat), Alfredo Blanco, dio a conocer la decisi\u00f3n de mantener en 5% el nivel de la Tasa de Inter\u00e9s L\u00edder. Seg\u00fan destac\u00f3 Blanco, la decisi\u00f3n un\u00e1nime se tom\u00f3 con base en el an\u00e1lisis integral de la coyuntura econ\u00f3mica externa e interna, y despu\u00e9s de evaluar el balance de riesgo de inflaci\u00f3n. El vicepresidente del Banguat explic\u00f3 que en el entorno exterior la Junta Monetaria destac\u00f3 que las perspectivas para la actividad econ\u00f3mica mundial contin\u00faan evidenciando crecimientos positivos para el 2023 y 2024. \u201cAunque ser\u00e1 a un ritmo menor que el a\u00f1o anterior, en un contexto de volatilidad, incertidumbre y riesgo a la baja, debido a condiciones financieras internacionales restrictivas y a la prolongaci\u00f3n de tensiones geopol\u00edticas a nivel mundial\u201d, detall\u00f3. En esta l\u00ednea, expuso que la inflaci\u00f3n a nivel internacional ha empezado a ceder, particularmente la de los principales socios comerciales de Guatemala, aunque todav\u00eda est\u00e1 por encima de lo previsto. Asimismo, la Junta Monetaria resalt\u00f3 que la mayor\u00eda de indicadores de actividad econ\u00f3mica, incluyendo el \u00cdndice Mensual de la Actividad Econ\u00f3mica (IMAE), el ingreso de divisas por remesas familiares y cr\u00e9dito bancario al sector privado, sigue con un comportamiento acorde a la proyecci\u00f3n econ\u00f3mica para este y el siguiente a\u00f1o de entre 2.5% y 4.5%. (La Hora\/Prensa Libre\/Diario de Centro Am\u00e9rica 01.06.23)<\/p>\n","protected":false},"excerpt":{"rendered":"<p>Tras aumentar en nueve ocasiones la Tasa de Inter\u00e9s L\u00edder de Pol\u00edtica Monetaria, este mi\u00e9rcoles 31 de mayo, el vicepresidente de la Junta Monetaria y del Banco de Guatemala (Banguat), Alfredo Blanco, dio a&#46;&#46;&#46;<\/p>\n","protected":false},"author":1,"featured_media":51915,"comment_status":"open","ping_status":"closed","sticky":false,"template":"","format":"standard","meta":{"footnotes":""},"categories":[52],"tags":[92,445,8040],"class_list":["post-57541","post","type-post","status-publish","format-standard","has-post-thumbnail","hentry","category-tasa-de-interes","tag-banguat","tag-imae","tag-tasa-lider-de-interes"],"_links":{"self":[{"href":"https:\/\/copades.com\/monec\/index.php?rest_route=\/wp\/v2\/posts\/57541","targetHints":{"allow":["GET"]}}],"collection":[{"href":"https:\/\/copades.com\/monec\/index.php?rest_route=\/wp\/v2\/posts"}],"about":[{"href":"https:\/\/copades.com\/monec\/index.php?rest_route=\/wp\/v2\/types\/post"}],"author":[{"embeddable":true,"href":"https:\/\/copades.com\/monec\/index.php?rest_route=\/wp\/v2\/users\/1"}],"replies":[{"embeddable":true,"href":"https:\/\/copades.com\/monec\/index.php?rest_route=%2Fwp%2Fv2%2Fcomments&post=57541"}],"version-history":[{"count":1,"href":"https:\/\/copades.com\/monec\/index.php?rest_route=\/wp\/v2\/posts\/57541\/revisions"}],"predecessor-version":[{"id":57542,"href":"https:\/\/copades.com\/monec\/index.php?rest_route=\/wp\/v2\/posts\/57541\/revisions\/57542"}],"wp:featuredmedia":[{"embeddable":true,"href":"https:\/\/copades.com\/monec\/index.php?rest_route=\/wp\/v2\/media\/51915"}],"wp:attachment":[{"href":"https:\/\/copades.com\/monec\/index.php?rest_route=%2Fwp%2Fv2%2Fmedia&parent=57541"}],"wp:term":[{"taxonomy":"category","embeddable":true,"href":"https:\/\/copades.com\/monec\/index.php?rest_route=%2Fwp%2Fv2%2Fcategories&post=57541"},{"taxonomy":"post_tag","embeddable":true,"href":"https:\/\/copades.com\/monec\/index.php?rest_route=%2Fwp%2Fv2%2Ftags&post=57541"}],"curies":[{"name":"wp","href":"https:\/\/api.w.org\/{rel}","templated":true}]}}