{"id":57543,"date":"2023-06-01T19:01:07","date_gmt":"2023-06-02T01:01:07","guid":{"rendered":"https:\/\/copades.com\/monec\/?p=57543"},"modified":"2023-06-04T19:02:28","modified_gmt":"2023-06-05T01:02:28","slug":"crecimiento-economico-en-el-salvador-es-insuficiente-senalan-analista","status":"publish","type":"post","link":"https:\/\/copades.com\/monec\/?p=57543","title":{"rendered":"Crecimiento econ\u00f3mico en El Salvador es insuficiente, se\u00f1alan analista"},"content":{"rendered":"<p style=\"text-align: justify;\">Solo ha habido, en un lapso de cuatro d\u00e9cadas, dos ocasiones en las que El Salvador ha logrado crecer hasta un 6 %; y fue en la d\u00e9cada de los a\u00f1os 60 y en la de los a\u00f1os 90, asegur\u00f3 ayer el expresidente del Banco Central de Reserva (BCR), Carlos Acevedo. Fuera de esos dos momentos, El Salvador \u00abnunca ha sido un tigre del crecimiento\u00bb; por el contrario, desde el a\u00f1o 2000, es el que ha tenido el m\u00e1s bajo crecimiento econ\u00f3mico, no solo en el istmo centroamericano, sino que tambi\u00e9n se ha mantenido entre los cinco pa\u00edses con menor crecimiento en toda la regi\u00f3n latinoamericana. En las \u00faltimas dos d\u00e9cadas, el crecimiento de El Salvador ha oscilado entre el 2 % y el 3 %. Y eso es insuficiente no solo a juicio de Acevedo, sino tambi\u00e9n a juicio del economista Ricardo Castaneda, del Instituto Centroamericano de Estudios Fiscales (Icefi). Ambos participaron ayer en el foro denominado \u00abSituaci\u00f3n econ\u00f3mica en El Salvador y sus perspectivas\u00bb, organizado por el consejo de decanos de la Universidad Francisco Gavidia (UFG). \u201cTenemos un reto realmente muy importante. Necesitamos crecer a tasas m\u00e1s altas para generar empleos de calidad, y sacar de la pobreza a 1.7 millones de compatriotas que viven (en esa condici\u00f3n)\u201d.<\/p>\n<p style=\"text-align: justify;\">Carlos Acevedo, economista. \u00abPara este a\u00f1o, las proyecciones de crecimiento son, de nuevo, de entre 2.6 % y 2.8 %, la m\u00e1s baja de la regi\u00f3n. Entonces, tenemos un reto realmente muy importante; necesitamos crecer a tasas m\u00e1s altas para generar empleos de calidad, y sacar de la pobreza a 1.7 millones de compatriotas que viven en pobreza\u00bb, expres\u00f3 Acevedo. \u00abEs inaceptable que en El Salvador haya 1.7 millones de personas viviendo en pobreza y que de ellas medio mill\u00f3n viva en pobreza extrema, es decir, que no tenga ni siquiera para comer\u00bb, agreg\u00f3. (eleconomista.net 01.06.23)<\/p>\n","protected":false},"excerpt":{"rendered":"<p>Solo ha habido, en un lapso de cuatro d\u00e9cadas, dos ocasiones en las que El Salvador ha logrado crecer hasta un 6 %; y fue en la d\u00e9cada de los a\u00f1os 60 y en&#46;&#46;&#46;<\/p>\n","protected":false},"author":1,"featured_media":50404,"comment_status":"open","ping_status":"closed","sticky":false,"template":"","format":"standard","meta":{"footnotes":""},"categories":[54],"tags":[257,117,126],"class_list":["post-57543","post","type-post","status-publish","format-standard","has-post-thumbnail","hentry","category-centroamerica-seleccion","tag-bcr","tag-el-salvador","tag-icefi"],"_links":{"self":[{"href":"https:\/\/copades.com\/monec\/index.php?rest_route=\/wp\/v2\/posts\/57543","targetHints":{"allow":["GET"]}}],"collection":[{"href":"https:\/\/copades.com\/monec\/index.php?rest_route=\/wp\/v2\/posts"}],"about":[{"href":"https:\/\/copades.com\/monec\/index.php?rest_route=\/wp\/v2\/types\/post"}],"author":[{"embeddable":true,"href":"https:\/\/copades.com\/monec\/index.php?rest_route=\/wp\/v2\/users\/1"}],"replies":[{"embeddable":true,"href":"https:\/\/copades.com\/monec\/index.php?rest_route=%2Fwp%2Fv2%2Fcomments&post=57543"}],"version-history":[{"count":1,"href":"https:\/\/copades.com\/monec\/index.php?rest_route=\/wp\/v2\/posts\/57543\/revisions"}],"predecessor-version":[{"id":57544,"href":"https:\/\/copades.com\/monec\/index.php?rest_route=\/wp\/v2\/posts\/57543\/revisions\/57544"}],"wp:featuredmedia":[{"embeddable":true,"href":"https:\/\/copades.com\/monec\/index.php?rest_route=\/wp\/v2\/media\/50404"}],"wp:attachment":[{"href":"https:\/\/copades.com\/monec\/index.php?rest_route=%2Fwp%2Fv2%2Fmedia&parent=57543"}],"wp:term":[{"taxonomy":"category","embeddable":true,"href":"https:\/\/copades.com\/monec\/index.php?rest_route=%2Fwp%2Fv2%2Fcategories&post=57543"},{"taxonomy":"post_tag","embeddable":true,"href":"https:\/\/copades.com\/monec\/index.php?rest_route=%2Fwp%2Fv2%2Ftags&post=57543"}],"curies":[{"name":"wp","href":"https:\/\/api.w.org\/{rel}","templated":true}]}}