{"id":57601,"date":"2023-06-05T17:14:32","date_gmt":"2023-06-05T23:14:32","guid":{"rendered":"https:\/\/copades.com\/monec\/?p=57601"},"modified":"2023-06-09T17:15:46","modified_gmt":"2023-06-09T23:15:46","slug":"biden-firma-el-acuerdo-para-elevar-el-techo-de-deuda-de-eua-hasta-2025","status":"publish","type":"post","link":"https:\/\/copades.com\/monec\/?p=57601","title":{"rendered":"Biden firma el acuerdo para elevar el techo de deuda de EUA hasta 2025"},"content":{"rendered":"<p style=\"text-align: justify;\">El presidente Estados Unidos, <strong>Joe Biden<\/strong>, firm\u00f3 este s\u00e1bado el acuerdo logrado entre la Casa Blanca y los republicanos para elevar el techo de deuda hasta 2025, evitando as\u00ed que el pa\u00eds entre en suspensi\u00f3n de pagos. \u00abVamos a seguir el trabajo de construir la econom\u00eda m\u00e1s fuerte del mundo\u00bb, escribi\u00f3 el presidente en un tuit, acompa\u00f1ado de un video suyo firmando el acuerdo en el despacho Oval. Con la ratificaci\u00f3n de Biden, el pa\u00eds evitar\u00e1 la suspensi\u00f3n de pagos que se hubiera producido tan pronto como el lunes de no haber alcanzado el Congreso un acuerdo para elevar el techo de deuda, que marca el l\u00edmite al dinero que EE.UU. puede pedir prestado y solo puede elevarse o suspenderse mediante una acci\u00f3n legislativa. En un discurso a la naci\u00f3n ayer por la noche, el presidente se\u00f1al\u00f3 que la suspensi\u00f3n de pagos \u00abhubiera sido catastr\u00f3fica\u00bb y enviado al pa\u00eds a \u00abuna recesi\u00f3n\u00bb. El acuerdo para elevar el techo de deuda a cambio de algunos topes al gasto p\u00fablico se logr\u00f3 el fin de semana pasado, en una negociaci\u00f3n a contrarreloj entre la Casa Blanca y los republicanos de la C\u00e1mara Baja, liderados por <strong>Kevin McCarthy<\/strong>. La medida suspende el techo de deuda para los pr\u00f3ximos dos a\u00f1os, hasta despu\u00e9s de las elecciones presidenciales de noviembre de 2024. En concreto, suspende el actual l\u00edmite de deuda de 31,4 billones de d\u00f3lares hasta el 1 de enero de 2025. (eleconomista.net\/La Hora 05.06.23)<\/p>\n","protected":false},"excerpt":{"rendered":"<p>El presidente Estados Unidos, Joe Biden, firm\u00f3 este s\u00e1bado el acuerdo logrado entre la Casa Blanca y los republicanos para elevar el techo de deuda hasta 2025, evitando as\u00ed que el pa\u00eds entre en&#46;&#46;&#46;<\/p>\n","protected":false},"author":1,"featured_media":54064,"comment_status":"open","ping_status":"closed","sticky":false,"template":"","format":"standard","meta":{"footnotes":""},"categories":[55],"tags":[7975,2670],"class_list":["post-57601","post","type-post","status-publish","format-standard","has-post-thumbnail","hentry","category-internacionales-seleccion","tag-eua","tag-joe-biden"],"_links":{"self":[{"href":"https:\/\/copades.com\/monec\/index.php?rest_route=\/wp\/v2\/posts\/57601","targetHints":{"allow":["GET"]}}],"collection":[{"href":"https:\/\/copades.com\/monec\/index.php?rest_route=\/wp\/v2\/posts"}],"about":[{"href":"https:\/\/copades.com\/monec\/index.php?rest_route=\/wp\/v2\/types\/post"}],"author":[{"embeddable":true,"href":"https:\/\/copades.com\/monec\/index.php?rest_route=\/wp\/v2\/users\/1"}],"replies":[{"embeddable":true,"href":"https:\/\/copades.com\/monec\/index.php?rest_route=%2Fwp%2Fv2%2Fcomments&post=57601"}],"version-history":[{"count":1,"href":"https:\/\/copades.com\/monec\/index.php?rest_route=\/wp\/v2\/posts\/57601\/revisions"}],"predecessor-version":[{"id":57602,"href":"https:\/\/copades.com\/monec\/index.php?rest_route=\/wp\/v2\/posts\/57601\/revisions\/57602"}],"wp:featuredmedia":[{"embeddable":true,"href":"https:\/\/copades.com\/monec\/index.php?rest_route=\/wp\/v2\/media\/54064"}],"wp:attachment":[{"href":"https:\/\/copades.com\/monec\/index.php?rest_route=%2Fwp%2Fv2%2Fmedia&parent=57601"}],"wp:term":[{"taxonomy":"category","embeddable":true,"href":"https:\/\/copades.com\/monec\/index.php?rest_route=%2Fwp%2Fv2%2Fcategories&post=57601"},{"taxonomy":"post_tag","embeddable":true,"href":"https:\/\/copades.com\/monec\/index.php?rest_route=%2Fwp%2Fv2%2Ftags&post=57601"}],"curies":[{"name":"wp","href":"https:\/\/api.w.org\/{rel}","templated":true}]}}