{"id":57609,"date":"2023-06-06T17:24:44","date_gmt":"2023-06-06T23:24:44","guid":{"rendered":"https:\/\/copades.com\/monec\/?p=57609"},"modified":"2023-06-09T17:26:04","modified_gmt":"2023-06-09T23:26:04","slug":"subsidios-al-gas-y-la-tarifa-electrica-dos-subvenciones-que-estan-proximas-a-vencerse","status":"publish","type":"post","link":"https:\/\/copades.com\/monec\/?p=57609","title":{"rendered":"Subsidios al gas y la tarifa el\u00e9ctrica: dos subvenciones que est\u00e1n pr\u00f3ximas a vencerse"},"content":{"rendered":"<p style=\"text-align: justify;\">El Ejecutivo espera que el Congreso presente una iniciativa de ley para extender el subsidio al gas propano, a la vez que analiza si solicitar\u00e1 una nueva pr\u00f3rroga en el caso del subsidio a la tarifa el\u00e9ctrica, los cuales vencen el 15 y 30 de junio de 2023, respectivamente. El ministro de Energ\u00eda y Minas (MEM), <strong>Alberto Pimentel<\/strong>, dijo que algunos diputados le han solicitado informaci\u00f3n sobre ejecuci\u00f3n de la subvenci\u00f3n al gas propano, as\u00ed como registros de los niveles de consumo. \u201cTenemos conocimiento de que en el Congreso se est\u00e1 trabajando una pr\u00f3rroga (para el gas propano) y tenemos conocimiento porque nos han pedido datos\u201d, expuso Pimentel. Pimentel expuso que por parte del Ejecutivo, tambi\u00e9n est\u00e1n analizando solicitar una ampliaci\u00f3n para el aporte extraordinario que actualmente se aplica para los consumos de 89 y 125 kWh (kilovatios hora al mes) de energ\u00eda el\u00e9ctrica, que vence el 30 de junio. Su ampliaci\u00f3n podr\u00eda ser hasta por tres meses, como se ha solicitado en las pr\u00f3rrogas anteriores. El ministro de Finanzas P\u00fablicas, Edwin Mart\u00ednez expuso que se les han hecho consultas por parte del Ministerio de Energ\u00eda y Minas sobre qu\u00e9 fuentes de financiamiento podr\u00edan usarse para cubrir una nueva ampliaci\u00f3n al subsidio del gas propano. \u201cLa primera (fuente) podr\u00edan ser los saldos de caja, pero depender\u00e1 del monto que el Congreso busque conocer y aprobar\u201d, expuso Mart\u00ednez, quien asegur\u00f3 que en el caso de la energ\u00eda el\u00e9ctrica a\u00fan no tienen informaci\u00f3n, pero si llega alguna solicitud, se buscar\u00edan las fuentes de financiamiento. (Prensa Libre 06.06.23)<\/p>\n","protected":false},"excerpt":{"rendered":"<p>El Ejecutivo espera que el Congreso presente una iniciativa de ley para extender el subsidio al gas propano, a la vez que analiza si solicitar\u00e1 una nueva pr\u00f3rroga en el caso del subsidio a&#46;&#46;&#46;<\/p>\n","protected":false},"author":1,"featured_media":50718,"comment_status":"open","ping_status":"closed","sticky":false,"template":"","format":"standard","meta":{"footnotes":""},"categories":[41,39],"tags":[5694,105,7840],"class_list":["post-57609","post","type-post","status-publish","format-standard","has-post-thumbnail","hentry","category-finanzas-publicas","category-sector-publico","tag-gas","tag-mem","tag-tarifa-electrica"],"_links":{"self":[{"href":"https:\/\/copades.com\/monec\/index.php?rest_route=\/wp\/v2\/posts\/57609","targetHints":{"allow":["GET"]}}],"collection":[{"href":"https:\/\/copades.com\/monec\/index.php?rest_route=\/wp\/v2\/posts"}],"about":[{"href":"https:\/\/copades.com\/monec\/index.php?rest_route=\/wp\/v2\/types\/post"}],"author":[{"embeddable":true,"href":"https:\/\/copades.com\/monec\/index.php?rest_route=\/wp\/v2\/users\/1"}],"replies":[{"embeddable":true,"href":"https:\/\/copades.com\/monec\/index.php?rest_route=%2Fwp%2Fv2%2Fcomments&post=57609"}],"version-history":[{"count":1,"href":"https:\/\/copades.com\/monec\/index.php?rest_route=\/wp\/v2\/posts\/57609\/revisions"}],"predecessor-version":[{"id":57610,"href":"https:\/\/copades.com\/monec\/index.php?rest_route=\/wp\/v2\/posts\/57609\/revisions\/57610"}],"wp:featuredmedia":[{"embeddable":true,"href":"https:\/\/copades.com\/monec\/index.php?rest_route=\/wp\/v2\/media\/50718"}],"wp:attachment":[{"href":"https:\/\/copades.com\/monec\/index.php?rest_route=%2Fwp%2Fv2%2Fmedia&parent=57609"}],"wp:term":[{"taxonomy":"category","embeddable":true,"href":"https:\/\/copades.com\/monec\/index.php?rest_route=%2Fwp%2Fv2%2Fcategories&post=57609"},{"taxonomy":"post_tag","embeddable":true,"href":"https:\/\/copades.com\/monec\/index.php?rest_route=%2Fwp%2Fv2%2Ftags&post=57609"}],"curies":[{"name":"wp","href":"https:\/\/api.w.org\/{rel}","templated":true}]}}