{"id":57651,"date":"2023-06-09T14:31:34","date_gmt":"2023-06-09T20:31:34","guid":{"rendered":"https:\/\/copades.com\/monec\/?p=57651"},"modified":"2023-06-12T14:35:46","modified_gmt":"2023-06-12T20:35:46","slug":"subsidios-primer-intento-de-ampliacion-no-es-conocido","status":"publish","type":"post","link":"https:\/\/copades.com\/monec\/?p=57651","title":{"rendered":"Subsidios: primer intento de ampliaci\u00f3n no es conocido"},"content":{"rendered":"<p style=\"text-align: justify;\">Por no contar con el qu\u00f3rum suficiente, la Comisi\u00f3n Permanente del Congreso de la Rep\u00fablica decidi\u00f3 finalizar la primera sesi\u00f3n del per\u00edodo extraordinario, en la que se preve\u00eda dar lectura a las nuevas propuestas de ampliaci\u00f3n a los subsidios, al gas propano y a la energ\u00eda el\u00e9ctrica. De esa cuenta, el oficialismo fall\u00f3 en su primer intento para que se discutieran los temas antes de las elecciones generales 2023. Seg\u00fan inform\u00f3 el tercer secretario de la Comisi\u00f3n Permanente, <strong>An\u00edbal Rojas<\/strong>, ambas propuestas fueron enviadas por el Organismo Ejecutivo. Sin embargo, los diputados no se presentaron a la referida sesi\u00f3n, por lo cual no se pudieron conocer. \u201cLos diputados no se presentaron a la sesi\u00f3n y se tuvo que levantar la misma, una sesi\u00f3n importante. Dentro de los puntos a tratar estaba la ampliaci\u00f3n de los subsidios tanto del gas propano como de la energ\u00eda el\u00e9ctrica, que est\u00e1n por vencerse, y es para apoyar a la poblaci\u00f3n. Sin embargo, no tuvimos qu\u00f3rum\u201d, afirm\u00f3. Agreg\u00f3 que posiblemente la pr\u00f3xima semana se convocar\u00eda a una nueva sesi\u00f3n para conocer las iniciativas. Por no contar con el qu\u00f3rum suficiente, la Comisi\u00f3n Permanente del Congreso de la Rep\u00fablica decidi\u00f3 finalizar la primera sesi\u00f3n del per\u00edodo extraordinario, en la que se preve\u00eda dar lectura a las nuevas propuestas de ampliaci\u00f3n a los subsidios, al gas propano y a la energ\u00eda el\u00e9ctrica. De esa cuenta, el oficialismo fall\u00f3 en su primer intento para que se discutieran los temas antes de las elecciones generales 2023. (La Hora 09.06.23)<\/p>\n","protected":false},"excerpt":{"rendered":"<p>Por no contar con el qu\u00f3rum suficiente, la Comisi\u00f3n Permanente del Congreso de la Rep\u00fablica decidi\u00f3 finalizar la primera sesi\u00f3n del per\u00edodo extraordinario, en la que se preve\u00eda dar lectura a las nuevas propuestas&#46;&#46;&#46;<\/p>\n","protected":false},"author":1,"featured_media":51066,"comment_status":"open","ping_status":"closed","sticky":false,"template":"","format":"standard","meta":{"footnotes":""},"categories":[4],"tags":[1128,7279],"class_list":["post-57651","post","type-post","status-publish","format-standard","has-post-thumbnail","hentry","category-actividad-legislativa","tag-congreso-de-la-republica","tag-subsidio"],"_links":{"self":[{"href":"https:\/\/copades.com\/monec\/index.php?rest_route=\/wp\/v2\/posts\/57651","targetHints":{"allow":["GET"]}}],"collection":[{"href":"https:\/\/copades.com\/monec\/index.php?rest_route=\/wp\/v2\/posts"}],"about":[{"href":"https:\/\/copades.com\/monec\/index.php?rest_route=\/wp\/v2\/types\/post"}],"author":[{"embeddable":true,"href":"https:\/\/copades.com\/monec\/index.php?rest_route=\/wp\/v2\/users\/1"}],"replies":[{"embeddable":true,"href":"https:\/\/copades.com\/monec\/index.php?rest_route=%2Fwp%2Fv2%2Fcomments&post=57651"}],"version-history":[{"count":1,"href":"https:\/\/copades.com\/monec\/index.php?rest_route=\/wp\/v2\/posts\/57651\/revisions"}],"predecessor-version":[{"id":57652,"href":"https:\/\/copades.com\/monec\/index.php?rest_route=\/wp\/v2\/posts\/57651\/revisions\/57652"}],"wp:featuredmedia":[{"embeddable":true,"href":"https:\/\/copades.com\/monec\/index.php?rest_route=\/wp\/v2\/media\/51066"}],"wp:attachment":[{"href":"https:\/\/copades.com\/monec\/index.php?rest_route=%2Fwp%2Fv2%2Fmedia&parent=57651"}],"wp:term":[{"taxonomy":"category","embeddable":true,"href":"https:\/\/copades.com\/monec\/index.php?rest_route=%2Fwp%2Fv2%2Fcategories&post=57651"},{"taxonomy":"post_tag","embeddable":true,"href":"https:\/\/copades.com\/monec\/index.php?rest_route=%2Fwp%2Fv2%2Ftags&post=57651"}],"curies":[{"name":"wp","href":"https:\/\/api.w.org\/{rel}","templated":true}]}}