{"id":57663,"date":"2023-06-09T14:51:42","date_gmt":"2023-06-09T20:51:42","guid":{"rendered":"https:\/\/copades.com\/monec\/?p=57663"},"modified":"2023-06-12T14:53:15","modified_gmt":"2023-06-12T20:53:15","slug":"sector-azucarero-de-el-salvador-optimista-por-altos-precios-internacionales","status":"publish","type":"post","link":"https:\/\/copades.com\/monec\/?p=57663","title":{"rendered":"Sector azucarero de El Salvador, optimista por altos precios internacionales"},"content":{"rendered":"<p style=\"text-align: justify;\">Los buenos precios del az\u00facar a nivel internacional han dado optimismo al sector azucarero salvadore\u00f1o que, pese a haber reportado una reducci\u00f3n de 19,400 toneladas m\u00e9tricas en la zafra 2022-2023, proyecta un buen a\u00f1o en la comercializaci\u00f3n del endulzante. De acuerdo con el director ejecutivo de la Asociaci\u00f3n Azucarera de El Salvador, <strong>Julio Arroyo<\/strong>, los precios internacionales del az\u00facar han estado \u201cbien altos\u201d en el mercado internacional debido a un d\u00e9ficit en pa\u00edses tradicionalmente productores de az\u00facar como la India y Brasil, que este a\u00f1o esperan una producci\u00f3n menor debido a los problemas originados por el cambio clim\u00e1tico. Ayer, la cotizaci\u00f3n de la libra de az\u00facar cruda en la bolsa de valores de Nueva York era\u00a0 de $0.25, mientras que hace un a\u00f1o su valor era de $0.18, seg\u00fan muestra el sitio burs\u00e1til Investing.com<\/p>\n<p style=\"text-align: justify;\">\u201cAh\u00ed entra la oportunidad para El Salvador, porque son divisas que pueden entrar al pa\u00eds. Es una buena noticia y se espera que estos precios puedan subir m\u00e1s\u201d, dijo por su parte el presidente de la Asociaci\u00f3n, <strong>Mario Salaverr\u00eda<\/strong>. Otro de los puntos que est\u00e1n dando optimismo al sector es la apertura de nuevos mercados de exportaci\u00f3n, sobre todo en Asia, donde hay bastante oportunidad de comercializar el az\u00facar salvadore\u00f1a en los pr\u00f3ximos a\u00f1os. Actualmente, el sector est\u00e1 aprovechando el tratado comercial con Corea del Sur, que est\u00e1 vigente desde 2018 y que le permite exportar sin pagar aranceles. Adem\u00e1s siguen aprovechando el comercio con Reino Unido, pa\u00eds al que env\u00edan cada a\u00f1o un aproximado de 10,000 toneladas de az\u00facar. (eleconomista.net 09.06.23)<\/p>\n","protected":false},"excerpt":{"rendered":"<p>Los buenos precios del az\u00facar a nivel internacional han dado optimismo al sector azucarero salvadore\u00f1o que, pese a haber reportado una reducci\u00f3n de 19,400 toneladas m\u00e9tricas en la zafra 2022-2023, proyecta un buen a\u00f1o&#46;&#46;&#46;<\/p>\n","protected":false},"author":1,"featured_media":50865,"comment_status":"open","ping_status":"closed","sticky":false,"template":"","format":"standard","meta":{"footnotes":""},"categories":[54],"tags":[117,1724],"class_list":["post-57663","post","type-post","status-publish","format-standard","has-post-thumbnail","hentry","category-centroamerica-seleccion","tag-el-salvador","tag-sector-azucarero"],"_links":{"self":[{"href":"https:\/\/copades.com\/monec\/index.php?rest_route=\/wp\/v2\/posts\/57663","targetHints":{"allow":["GET"]}}],"collection":[{"href":"https:\/\/copades.com\/monec\/index.php?rest_route=\/wp\/v2\/posts"}],"about":[{"href":"https:\/\/copades.com\/monec\/index.php?rest_route=\/wp\/v2\/types\/post"}],"author":[{"embeddable":true,"href":"https:\/\/copades.com\/monec\/index.php?rest_route=\/wp\/v2\/users\/1"}],"replies":[{"embeddable":true,"href":"https:\/\/copades.com\/monec\/index.php?rest_route=%2Fwp%2Fv2%2Fcomments&post=57663"}],"version-history":[{"count":1,"href":"https:\/\/copades.com\/monec\/index.php?rest_route=\/wp\/v2\/posts\/57663\/revisions"}],"predecessor-version":[{"id":57664,"href":"https:\/\/copades.com\/monec\/index.php?rest_route=\/wp\/v2\/posts\/57663\/revisions\/57664"}],"wp:featuredmedia":[{"embeddable":true,"href":"https:\/\/copades.com\/monec\/index.php?rest_route=\/wp\/v2\/media\/50865"}],"wp:attachment":[{"href":"https:\/\/copades.com\/monec\/index.php?rest_route=%2Fwp%2Fv2%2Fmedia&parent=57663"}],"wp:term":[{"taxonomy":"category","embeddable":true,"href":"https:\/\/copades.com\/monec\/index.php?rest_route=%2Fwp%2Fv2%2Fcategories&post=57663"},{"taxonomy":"post_tag","embeddable":true,"href":"https:\/\/copades.com\/monec\/index.php?rest_route=%2Fwp%2Fv2%2Ftags&post=57663"}],"curies":[{"name":"wp","href":"https:\/\/api.w.org\/{rel}","templated":true}]}}