{"id":57687,"date":"2023-06-12T15:35:46","date_gmt":"2023-06-12T21:35:46","guid":{"rendered":"https:\/\/copades.com\/monec\/?p=57687"},"modified":"2023-06-12T15:35:46","modified_gmt":"2023-06-12T21:35:46","slug":"sugieren-app-para-aeropuerto-la-aurora","status":"publish","type":"post","link":"https:\/\/copades.com\/monec\/?p=57687","title":{"rendered":"Sugieren APP para aeropuerto La Aurora"},"content":{"rendered":"<p style=\"text-align: justify;\">Representantes de las aerol\u00edneas y del sector tur\u00edstico proponen modernizar las instalaciones del Aeropuerto Internacional La Aurora (Aila) por medio de una alianza p\u00fablico-privada (APP) que ser\u00e1 presentada a las pr\u00f3ximas autoridades de gobierno. La defectuosa operaci\u00f3n de las escaleras el\u00e9ctricas, los elevadores y del aire acondicionado son los principales inconvenientes que se han registrado durante los \u00faltimos meses, aparte de los constantes problemas con el fluido el\u00e9ctrico es el recuento de la Asociaci\u00f3n Guatemalteca de L\u00ednea A\u00e9reas (Agla), y aunque hay arreglos y reparaciones, los desperfectos contin\u00faan. Para las empresas a\u00e9reas, hay problemas con las bandas transportadoras de equipaje y en algunos momentos del d\u00eda se genera una congesti\u00f3n de pasajeros en los m\u00f3dulos de migraci\u00f3n. Por otro, lado hay un \u00e1rea de construcci\u00f3n en la terminal, que tambi\u00e9n complica las operaciones de las aeronaves. Otros temas recurrentes, han sido la escasez de agua y la falta de atenci\u00f3n en los servicios sanitarios, que incomodan a los viajeros tanto de salida, como, de entrada. Todo esto en su conjunto, tiene un impacto directo e indirecto en las operaciones a\u00e9reas. \u201cEl tema del aeropuerto sigue siendo delicado y es un punto al que hay se le debe poner mucho esfuerzo con un enfoque de una mayor atenci\u00f3n al pasajero. No le hemos quitado el dedo y hay mucho trabajo que no se logra terminar, lo que es preocupante para el sector\u201d, declar\u00f3 <strong>Andreas Kuestermann<\/strong>, directivo de la comisi\u00f3n de turismo sostenible de la Asociaci\u00f3n Guatemalteca de Exportadores (Agexport). (Prensa Libre 12.06.23)<\/p>\n","protected":false},"excerpt":{"rendered":"<p>Representantes de las aerol\u00edneas y del sector tur\u00edstico proponen modernizar las instalaciones del Aeropuerto Internacional La Aurora (Aila) por medio de una alianza p\u00fablico-privada (APP) que ser\u00e1 presentada a las pr\u00f3ximas autoridades de gobierno.&#46;&#46;&#46;<\/p>\n","protected":false},"author":1,"featured_media":49574,"comment_status":"open","ping_status":"closed","sticky":false,"template":"","format":"standard","meta":{"footnotes":""},"categories":[5,18],"tags":[6846,2088],"class_list":["post-57687","post","type-post","status-publish","format-standard","has-post-thumbnail","hentry","category-actividad-productiva","category-inversion-publica-y-privada","tag-agla","tag-aila"],"_links":{"self":[{"href":"https:\/\/copades.com\/monec\/index.php?rest_route=\/wp\/v2\/posts\/57687","targetHints":{"allow":["GET"]}}],"collection":[{"href":"https:\/\/copades.com\/monec\/index.php?rest_route=\/wp\/v2\/posts"}],"about":[{"href":"https:\/\/copades.com\/monec\/index.php?rest_route=\/wp\/v2\/types\/post"}],"author":[{"embeddable":true,"href":"https:\/\/copades.com\/monec\/index.php?rest_route=\/wp\/v2\/users\/1"}],"replies":[{"embeddable":true,"href":"https:\/\/copades.com\/monec\/index.php?rest_route=%2Fwp%2Fv2%2Fcomments&post=57687"}],"version-history":[{"count":1,"href":"https:\/\/copades.com\/monec\/index.php?rest_route=\/wp\/v2\/posts\/57687\/revisions"}],"predecessor-version":[{"id":57688,"href":"https:\/\/copades.com\/monec\/index.php?rest_route=\/wp\/v2\/posts\/57687\/revisions\/57688"}],"wp:featuredmedia":[{"embeddable":true,"href":"https:\/\/copades.com\/monec\/index.php?rest_route=\/wp\/v2\/media\/49574"}],"wp:attachment":[{"href":"https:\/\/copades.com\/monec\/index.php?rest_route=%2Fwp%2Fv2%2Fmedia&parent=57687"}],"wp:term":[{"taxonomy":"category","embeddable":true,"href":"https:\/\/copades.com\/monec\/index.php?rest_route=%2Fwp%2Fv2%2Fcategories&post=57687"},{"taxonomy":"post_tag","embeddable":true,"href":"https:\/\/copades.com\/monec\/index.php?rest_route=%2Fwp%2Fv2%2Ftags&post=57687"}],"curies":[{"name":"wp","href":"https:\/\/api.w.org\/{rel}","templated":true}]}}