{"id":57739,"date":"2023-06-14T16:32:27","date_gmt":"2023-06-14T22:32:27","guid":{"rendered":"https:\/\/copades.com\/monec\/?p=57739"},"modified":"2023-06-14T16:32:27","modified_gmt":"2023-06-14T22:32:27","slug":"se-frena-la-exportacion-de-mexico-indica-el-bid","status":"publish","type":"post","link":"https:\/\/copades.com\/monec\/?p=57739","title":{"rendered":"Se frena la exportaci\u00f3n de M\u00e9xico, indica el BID"},"content":{"rendered":"<p style=\"text-align: justify;\">En Am\u00e9rica Latina y el Caribe, las exportaciones comenzaron a presentar una desaceleraci\u00f3n, fen\u00f3meno m\u00e1s notorio en el caso de M\u00e9xico, se\u00f1al\u00f3 el Banco Interamericano de Desarrollo (BID). En un nuevo reporte con la actualizaci\u00f3n de las estimaciones y tendencias del comercio en la regi\u00f3n, ponder\u00f3 que el pa\u00eds hab\u00eda logrado mantener una tendencia fuertemente expansiva durante gran parte de 2022. Sin embargo, comenz\u00f3 a debilitarse en el \u00faltimo trimestre del a\u00f1o pasado, y as\u00ed continu\u00f3 entre enero y marzo de 2023. No obstante, en el informe se asegura que M\u00e9xico retuvo su rol de locomotora del comercio regional. Durante el periodo referido, las ventas externas de bienes y productos mexicanos se incrementaron 6.8% interanual, se\u00f1ala el nuevo informe. Lo anterior, seg\u00fan el BID, se explica casi en su totalidad por los mayores env\u00edos a Estados Unidos y, en menor medida, a la Uni\u00f3n Europea, mientras que se contrajeron las exportaciones a todos los dem\u00e1s socios relevantes, precis\u00f3. En contraste, se\u00f1al\u00f3, en Centroam\u00e9rica y Sudam\u00e9rica se profundiz\u00f3 la desaceleraci\u00f3n de sus exportaciones en los primeros meses del a\u00f1o. Incluso, dijo que, en Sudam\u00e9rica, sus ventas al exterior mostraron tasas negativas. El organismo destac\u00f3 que tras la r\u00e1pida recuperaci\u00f3n de la era post Covid-19, concluy\u00f3 la fase expansiva de las exportaciones en la regi\u00f3n. (eleconomista.net 14.06.23)<\/p>\n","protected":false},"excerpt":{"rendered":"<p>En Am\u00e9rica Latina y el Caribe, las exportaciones comenzaron a presentar una desaceleraci\u00f3n, fen\u00f3meno m\u00e1s notorio en el caso de M\u00e9xico, se\u00f1al\u00f3 el Banco Interamericano de Desarrollo (BID). En un nuevo reporte con la&#46;&#46;&#46;<\/p>\n","protected":false},"author":1,"featured_media":50701,"comment_status":"open","ping_status":"closed","sticky":false,"template":"","format":"standard","meta":{"footnotes":""},"categories":[55],"tags":[130,87],"class_list":["post-57739","post","type-post","status-publish","format-standard","has-post-thumbnail","hentry","category-internacionales-seleccion","tag-bid","tag-mexico"],"_links":{"self":[{"href":"https:\/\/copades.com\/monec\/index.php?rest_route=\/wp\/v2\/posts\/57739","targetHints":{"allow":["GET"]}}],"collection":[{"href":"https:\/\/copades.com\/monec\/index.php?rest_route=\/wp\/v2\/posts"}],"about":[{"href":"https:\/\/copades.com\/monec\/index.php?rest_route=\/wp\/v2\/types\/post"}],"author":[{"embeddable":true,"href":"https:\/\/copades.com\/monec\/index.php?rest_route=\/wp\/v2\/users\/1"}],"replies":[{"embeddable":true,"href":"https:\/\/copades.com\/monec\/index.php?rest_route=%2Fwp%2Fv2%2Fcomments&post=57739"}],"version-history":[{"count":1,"href":"https:\/\/copades.com\/monec\/index.php?rest_route=\/wp\/v2\/posts\/57739\/revisions"}],"predecessor-version":[{"id":57740,"href":"https:\/\/copades.com\/monec\/index.php?rest_route=\/wp\/v2\/posts\/57739\/revisions\/57740"}],"wp:featuredmedia":[{"embeddable":true,"href":"https:\/\/copades.com\/monec\/index.php?rest_route=\/wp\/v2\/media\/50701"}],"wp:attachment":[{"href":"https:\/\/copades.com\/monec\/index.php?rest_route=%2Fwp%2Fv2%2Fmedia&parent=57739"}],"wp:term":[{"taxonomy":"category","embeddable":true,"href":"https:\/\/copades.com\/monec\/index.php?rest_route=%2Fwp%2Fv2%2Fcategories&post=57739"},{"taxonomy":"post_tag","embeddable":true,"href":"https:\/\/copades.com\/monec\/index.php?rest_route=%2Fwp%2Fv2%2Ftags&post=57739"}],"curies":[{"name":"wp","href":"https:\/\/api.w.org\/{rel}","templated":true}]}}