{"id":57850,"date":"2023-06-21T17:50:05","date_gmt":"2023-06-21T23:50:05","guid":{"rendered":"https:\/\/copades.com\/monec\/?p=57850"},"modified":"2023-06-21T17:50:05","modified_gmt":"2023-06-21T23:50:05","slug":"impulsan-expansion-de-mipymes-hacia-mercados-internacionales","status":"publish","type":"post","link":"https:\/\/copades.com\/monec\/?p=57850","title":{"rendered":"Impulsan expansi\u00f3n de mipymes hacia mercados internacionales"},"content":{"rendered":"<p style=\"text-align: justify;\">El sector privado impulsa la expansi\u00f3n de las micro, peque\u00f1as y medianas empresas (mipymes) hacia mercados internacionales por medio del distintivo Sello Blanco, que con apoyo del Gobierno Central ha realizado diversas iniciativas para fortalecer la presencia del pa\u00eds en el \u00e1mbito extranjero. De acuerdo con el Ministerio de Econom\u00eda (Mineco), las unidades productivas acreedoras del citado reconocimiento han participado en Taiw\u00e1n, con un espacio de exhibici\u00f3n y venta de productos nacionales, dentro de una cadena de coffee shops local. Asimismo, en el Simposio de Promoci\u00f3n Comerciales y Oportunidades de Mercado de Centroam\u00e9rica y en el <em>Food Taipei<\/em>. Tambi\u00e9n se sumaron a otros eventos internacionales en Estados Unidos (EE. UU.) como la Fiesta DC, en Washington, en donde dos empresas nacionales vendieron alrededor de US $8 mil; al MET, en Miami, y al <em>National Restaurant Association<\/em>, en Chicago. Por otro lado, se tuvo presencia en la Feria y Festival Cultural Internacional Alfe\u00f1ique Toluca, en M\u00e9xico, y en la <em>International SME Convention<\/em>, en Nueva Delhi, India; adem\u00e1s, se efect\u00faan exposiciones ermanentes en varios consulados guatemaltecos. La cartera calcula que el 40 por ciento del producto interno bruto (PIB) y el 85 por ciento de los empleos son generados por los mencionados negocios, y agreg\u00f3 que el 50 por ciento de las 210 organizaciones que han recibido el referido distintivo es liderado por mujeres. (Diario de Centro Am\u00e9rica 21.06.23)<\/p>\n","protected":false},"excerpt":{"rendered":"<p>El sector privado impulsa la expansi\u00f3n de las micro, peque\u00f1as y medianas empresas (mipymes) hacia mercados internacionales por medio del distintivo Sello Blanco, que con apoyo del Gobierno Central ha realizado diversas iniciativas para&#46;&#46;&#46;<\/p>\n","protected":false},"author":1,"featured_media":47990,"comment_status":"open","ping_status":"closed","sticky":false,"template":"","format":"standard","meta":{"footnotes":""},"categories":[5,20],"tags":[78,3567,142],"class_list":["post-57850","post","type-post","status-publish","format-standard","has-post-thumbnail","hentry","category-actividad-productiva","category-mipymes","tag-mineco","tag-mipymes","tag-pib"],"_links":{"self":[{"href":"https:\/\/copades.com\/monec\/index.php?rest_route=\/wp\/v2\/posts\/57850","targetHints":{"allow":["GET"]}}],"collection":[{"href":"https:\/\/copades.com\/monec\/index.php?rest_route=\/wp\/v2\/posts"}],"about":[{"href":"https:\/\/copades.com\/monec\/index.php?rest_route=\/wp\/v2\/types\/post"}],"author":[{"embeddable":true,"href":"https:\/\/copades.com\/monec\/index.php?rest_route=\/wp\/v2\/users\/1"}],"replies":[{"embeddable":true,"href":"https:\/\/copades.com\/monec\/index.php?rest_route=%2Fwp%2Fv2%2Fcomments&post=57850"}],"version-history":[{"count":1,"href":"https:\/\/copades.com\/monec\/index.php?rest_route=\/wp\/v2\/posts\/57850\/revisions"}],"predecessor-version":[{"id":57851,"href":"https:\/\/copades.com\/monec\/index.php?rest_route=\/wp\/v2\/posts\/57850\/revisions\/57851"}],"wp:featuredmedia":[{"embeddable":true,"href":"https:\/\/copades.com\/monec\/index.php?rest_route=\/wp\/v2\/media\/47990"}],"wp:attachment":[{"href":"https:\/\/copades.com\/monec\/index.php?rest_route=%2Fwp%2Fv2%2Fmedia&parent=57850"}],"wp:term":[{"taxonomy":"category","embeddable":true,"href":"https:\/\/copades.com\/monec\/index.php?rest_route=%2Fwp%2Fv2%2Fcategories&post=57850"},{"taxonomy":"post_tag","embeddable":true,"href":"https:\/\/copades.com\/monec\/index.php?rest_route=%2Fwp%2Fv2%2Ftags&post=57850"}],"curies":[{"name":"wp","href":"https:\/\/api.w.org\/{rel}","templated":true}]}}