{"id":57870,"date":"2023-06-23T18:26:21","date_gmt":"2023-06-24T00:26:21","guid":{"rendered":"https:\/\/copades.com\/monec\/?p=57870"},"modified":"2023-06-26T18:27:29","modified_gmt":"2023-06-27T00:27:29","slug":"definen-estrategia-energetica-2023-2050","status":"publish","type":"post","link":"https:\/\/copades.com\/monec\/?p=57870","title":{"rendered":"Definen estrategia energ\u00e9tica 2023-2050"},"content":{"rendered":"<p style=\"text-align: justify;\">El Gabinete de Gobierno aprob\u00f3 la Pol\u00edtica Nacional de Eficiencia Energ\u00e9tica 2023-2050, que fue formulada por el Ministerio de Energ\u00eda y Minas (MEM), seg\u00fan el Acuerdo 106-2023 publicado ayer en el diario oficial. El ministro de la citada cartera se refiri\u00f3 a ello durante la inauguraci\u00f3n del primer foro sobre el citado tema, en un hotel capitalino. El plan \u201cestablece metas claras y medibles para mejoras en los \u00e1mbitos de industrias, transporte y vivienda\u201d, asevera un tuit oficial. El MEM es el ente rector de la referida pol\u00edtica, que abarca de 2020 a 2050. Los considerandos del acuerdo indican que la Constituci\u00f3n Pol\u00edtica de la Rep\u00fablica manda adoptar medidas necesarias para la conservaci\u00f3n, desarrollo y aprovechamiento de los recursos naturales. En el Art\u00edculo 2 se\u00f1ala que el MEM es el ente rector y responsable de articularla, implementarla y facilitar las acciones entre las diferentes entidades p\u00fablicas y privadas que corresponda, para garantizar su cumplimiento. La norma entra en vigor hoy. En la elaboraci\u00f3n participaron instituciones como la Secretar\u00eda de Planificaci\u00f3n y Programaci\u00f3n de la Presidencia (Segeplan) y los ministerios de Ambiente, de Finanzas y de Econom\u00eda. (Diario de Centro Am\u00e9rica 23.06.23)<\/p>\n","protected":false},"excerpt":{"rendered":"<p>El Gabinete de Gobierno aprob\u00f3 la Pol\u00edtica Nacional de Eficiencia Energ\u00e9tica 2023-2050, que fue formulada por el Ministerio de Energ\u00eda y Minas (MEM), seg\u00fan el Acuerdo 106-2023 publicado ayer en el diario oficial. El&#46;&#46;&#46;<\/p>\n","protected":false},"author":1,"featured_media":49238,"comment_status":"open","ping_status":"closed","sticky":false,"template":"","format":"standard","meta":{"footnotes":""},"categories":[5,14],"tags":[105,582],"class_list":["post-57870","post","type-post","status-publish","format-standard","has-post-thumbnail","hentry","category-actividad-productiva","category-energia-electrica","tag-mem","tag-segeplan"],"_links":{"self":[{"href":"https:\/\/copades.com\/monec\/index.php?rest_route=\/wp\/v2\/posts\/57870","targetHints":{"allow":["GET"]}}],"collection":[{"href":"https:\/\/copades.com\/monec\/index.php?rest_route=\/wp\/v2\/posts"}],"about":[{"href":"https:\/\/copades.com\/monec\/index.php?rest_route=\/wp\/v2\/types\/post"}],"author":[{"embeddable":true,"href":"https:\/\/copades.com\/monec\/index.php?rest_route=\/wp\/v2\/users\/1"}],"replies":[{"embeddable":true,"href":"https:\/\/copades.com\/monec\/index.php?rest_route=%2Fwp%2Fv2%2Fcomments&post=57870"}],"version-history":[{"count":1,"href":"https:\/\/copades.com\/monec\/index.php?rest_route=\/wp\/v2\/posts\/57870\/revisions"}],"predecessor-version":[{"id":57871,"href":"https:\/\/copades.com\/monec\/index.php?rest_route=\/wp\/v2\/posts\/57870\/revisions\/57871"}],"wp:featuredmedia":[{"embeddable":true,"href":"https:\/\/copades.com\/monec\/index.php?rest_route=\/wp\/v2\/media\/49238"}],"wp:attachment":[{"href":"https:\/\/copades.com\/monec\/index.php?rest_route=%2Fwp%2Fv2%2Fmedia&parent=57870"}],"wp:term":[{"taxonomy":"category","embeddable":true,"href":"https:\/\/copades.com\/monec\/index.php?rest_route=%2Fwp%2Fv2%2Fcategories&post=57870"},{"taxonomy":"post_tag","embeddable":true,"href":"https:\/\/copades.com\/monec\/index.php?rest_route=%2Fwp%2Fv2%2Ftags&post=57870"}],"curies":[{"name":"wp","href":"https:\/\/api.w.org\/{rel}","templated":true}]}}