{"id":57876,"date":"2023-06-23T18:30:04","date_gmt":"2023-06-24T00:30:04","guid":{"rendered":"https:\/\/copades.com\/monec\/?p=57876"},"modified":"2023-06-26T18:32:15","modified_gmt":"2023-06-27T00:32:15","slug":"sequia-en-corredor-seco-coloca-en-inseguridad-alimentaria-a-6-millones-de-centroamericanos","status":"publish","type":"post","link":"https:\/\/copades.com\/monec\/?p=57876","title":{"rendered":"Sequ\u00eda en Corredor Seco coloca en inseguridad alimentaria a 6 millones de centroamericanos"},"content":{"rendered":"<p style=\"text-align: justify;\">Alrededor de 6 millones de personas est\u00e1n en inseguridad alimentaria en el Corredor Seco de Centroam\u00e9rica debido a los efectos de la crisis clim\u00e1tica, ante lo cual organizaciones humanitarias impulsan acciones para apoyar a los afectados, reducir los riesgos ante desastres y restaurar un bill\u00f3n de hect\u00e1reas. En el Corredor Seco de Centroam\u00e9rica, una zona vulnerable a fen\u00f3menos clim\u00e1ticos, \u00abalrededor de 6 millones de personas tienen problemas de inseguridad alimentaria\u00bb, dijo a EFE el director de Visi\u00f3n Mundial en Honduras y Guatemala, <strong>Jorge Galeano<\/strong>. La situaci\u00f3n del corredor, que atraviesa Costa Rica, Nicaragua, Honduras, El Salvador y Guatemala, donde la mayor\u00eda de los m\u00e1s de 10 millones de habitantes vive en pobreza, se ha \u00abvenido agravando\u00bb, asegur\u00f3 Galeano. La sequ\u00eda que azota al corredor, a\u00f1adi\u00f3, afecta la producci\u00f3n de ma\u00edz, fr\u00edjoles y hortalizas, lo que obliga a muchas familias a desplazarse forzosamente, principalmente a las grandes ciudades, donde viven en \u00abcondiciones deplorables\u00bb. \u00abLa situaci\u00f3n es bastante dif\u00edcil, es una situaci\u00f3n que si no hacemos algo no va a mejorar por s\u00ed sola, esto requiere un esfuerzo compartido y un trabajo intencional\u00bb, subray\u00f3 el ejecutivo de Visi\u00f3n Mundial. Para Galeno, es preocupante que en los \u00faltimos a\u00f1os se registran \u00abretrocesos en t\u00e9rminos de desarrollo\u00bb y que cada vez se hagan \u00abm\u00e1s llamamientos de ayuda por hambruna\u00bb. \u00abCada vez m\u00e1s comunidades se quedan sin agua, porque las monta\u00f1as donde se produce el agua est\u00e1n siendo taladas, por lo que vemos que m\u00e1s personas tienen problemas para asegurar su comida en la mesa\u00bb, enfatiz\u00f3. (eleconomista.net 23.06.23)<\/p>\n","protected":false},"excerpt":{"rendered":"<p>Alrededor de 6 millones de personas est\u00e1n en inseguridad alimentaria en el Corredor Seco de Centroam\u00e9rica debido a los efectos de la crisis clim\u00e1tica, ante lo cual organizaciones humanitarias impulsan acciones para apoyar a&#46;&#46;&#46;<\/p>\n","protected":false},"author":1,"featured_media":52198,"comment_status":"open","ping_status":"closed","sticky":false,"template":"","format":"standard","meta":{"footnotes":""},"categories":[54],"tags":[8207],"class_list":["post-57876","post","type-post","status-publish","format-standard","has-post-thumbnail","hentry","category-centroamerica-seleccion","tag-inseguridad-alimentaria"],"_links":{"self":[{"href":"https:\/\/copades.com\/monec\/index.php?rest_route=\/wp\/v2\/posts\/57876","targetHints":{"allow":["GET"]}}],"collection":[{"href":"https:\/\/copades.com\/monec\/index.php?rest_route=\/wp\/v2\/posts"}],"about":[{"href":"https:\/\/copades.com\/monec\/index.php?rest_route=\/wp\/v2\/types\/post"}],"author":[{"embeddable":true,"href":"https:\/\/copades.com\/monec\/index.php?rest_route=\/wp\/v2\/users\/1"}],"replies":[{"embeddable":true,"href":"https:\/\/copades.com\/monec\/index.php?rest_route=%2Fwp%2Fv2%2Fcomments&post=57876"}],"version-history":[{"count":1,"href":"https:\/\/copades.com\/monec\/index.php?rest_route=\/wp\/v2\/posts\/57876\/revisions"}],"predecessor-version":[{"id":57877,"href":"https:\/\/copades.com\/monec\/index.php?rest_route=\/wp\/v2\/posts\/57876\/revisions\/57877"}],"wp:featuredmedia":[{"embeddable":true,"href":"https:\/\/copades.com\/monec\/index.php?rest_route=\/wp\/v2\/media\/52198"}],"wp:attachment":[{"href":"https:\/\/copades.com\/monec\/index.php?rest_route=%2Fwp%2Fv2%2Fmedia&parent=57876"}],"wp:term":[{"taxonomy":"category","embeddable":true,"href":"https:\/\/copades.com\/monec\/index.php?rest_route=%2Fwp%2Fv2%2Fcategories&post=57876"},{"taxonomy":"post_tag","embeddable":true,"href":"https:\/\/copades.com\/monec\/index.php?rest_route=%2Fwp%2Fv2%2Ftags&post=57876"}],"curies":[{"name":"wp","href":"https:\/\/api.w.org\/{rel}","templated":true}]}}