{"id":57884,"date":"2023-06-23T18:40:57","date_gmt":"2023-06-24T00:40:57","guid":{"rendered":"https:\/\/copades.com\/monec\/?p=57884"},"modified":"2023-06-26T18:42:23","modified_gmt":"2023-06-27T00:42:23","slug":"habra-mas-subidas-de-tasas-de-interes-en-eua","status":"publish","type":"post","link":"https:\/\/copades.com\/monec\/?p=57884","title":{"rendered":"\u00bfHabr\u00e1 m\u00e1s subidas de tasas de inter\u00e9s en EUA?"},"content":{"rendered":"<p style=\"text-align: justify;\">El presidente de la Reserva Federal de Estados Unidos (Fed), <strong>Jerome Powell<\/strong>, reconoci\u00f3 este mi\u00e9rcoles 21 que, tras la pausa en junio, durante los pr\u00f3ximos meses es probable que sigan subi\u00e9ndose los tipos de inter\u00e9s, un alza que depender\u00e1 de los datos econ\u00f3micos que se produzcan en las pr\u00f3ximas semanas. Casi todos los participantes del Comit\u00e9 Federal de Mercado Abierto, el \u00f3rgano de la Fed que decide las subidas de tipos, creen que ser\u00e1 \u00abapropiado aumentar las tasas de inter\u00e9s un poco m\u00e1s para fin de a\u00f1o\u00bb, apunt\u00f3 ante el Comit\u00e9 de Servicios Financieros de la C\u00e1mara de Representantes estadounidense. La Fed, a\u00f1adi\u00f3, continuar\u00e1 tomando sus decisiones &#8216;reuni\u00f3n por reuni\u00f3n&#8217;, bas\u00e1ndose en \u00abla totalidad de los datos entrantes y sus implicaciones para las perspectivas de actividad econ\u00f3mica e inflaci\u00f3n, as\u00ed como el balance de riesgos\u00bb. Las &#8216;presiones inflacionarias&#8217; apunt\u00f3 el presidente del regulador estadounidense, \u00absiguen siendo altas\u00bb y el proceso de lograr que la inflaci\u00f3n vuelva a bajar al 2 % \u00abtiene un largo camino por recorrer\u00bb. Todo ello pese a que la tasa interanual de inflaci\u00f3n baj\u00f3 considerablemente en mayo, nueve d\u00e9cimas, hasta situarse en el 4 %, su nivel m\u00e1s bajo desde marzo de 2021. Fue la segunda ca\u00edda m\u00e1s pronunciada del \u00edndice de precios de consumo desde que comenzara a bajar hace once meses. Como hace cada semestre, Powell compareci\u00f3 en el mencionado comit\u00e9 de la C\u00e1mara Baja y se someti\u00f3 a las preguntas de los congresistas. Explic\u00f3 que si el a\u00f1o pasado, cuando comenzaron las subidas de tipos, lo importante era la velocidad a la que se sub\u00edan los tipos y hubo varias subidas consecutivas de 0,75 puntos, dado \u00ablo lejos\u00bb que la Fed ha llegado, lo adecuado ahora es \u00abhacerlo a un ritmo m\u00e1s moderado\u00bb. Esta comparecencia se ha producido una semana despu\u00e9s de que el pasado 14 de junio la Fed decidiera tomarse una pausa y no subir este mes los tipos de inter\u00e9s. Se mantienen as\u00ed entre el 5 % y el 5,25 %, el nivel m\u00e1s alto desde mediados de 2007, tras una racha de diez subidas consecutivas llevadas a cabo para bajar la inflaci\u00f3n. Powell no descart\u00f3 entonces seguir subi\u00e9ndolos en el futuro y reconoci\u00f3 que la mayor\u00eda de los miembros del Comit\u00e9 consideran probable que algunos aumentos adicionales sean apropiados este a\u00f1o para llevar la inflaci\u00f3n hacia el 2 %, una postura que defendi\u00f3 ante el Congreso. (eleconomista.net 23.06.23)<\/p>\n","protected":false},"excerpt":{"rendered":"<p>El presidente de la Reserva Federal de Estados Unidos (Fed), Jerome Powell, reconoci\u00f3 este mi\u00e9rcoles 21 que, tras la pausa en junio, durante los pr\u00f3ximos meses es probable que sigan subi\u00e9ndose los tipos de&#46;&#46;&#46;<\/p>\n","protected":false},"author":1,"featured_media":47847,"comment_status":"open","ping_status":"closed","sticky":false,"template":"","format":"standard","meta":{"footnotes":""},"categories":[55],"tags":[7975,74],"class_list":["post-57884","post","type-post","status-publish","format-standard","has-post-thumbnail","hentry","category-internacionales-seleccion","tag-eua","tag-fed"],"_links":{"self":[{"href":"https:\/\/copades.com\/monec\/index.php?rest_route=\/wp\/v2\/posts\/57884","targetHints":{"allow":["GET"]}}],"collection":[{"href":"https:\/\/copades.com\/monec\/index.php?rest_route=\/wp\/v2\/posts"}],"about":[{"href":"https:\/\/copades.com\/monec\/index.php?rest_route=\/wp\/v2\/types\/post"}],"author":[{"embeddable":true,"href":"https:\/\/copades.com\/monec\/index.php?rest_route=\/wp\/v2\/users\/1"}],"replies":[{"embeddable":true,"href":"https:\/\/copades.com\/monec\/index.php?rest_route=%2Fwp%2Fv2%2Fcomments&post=57884"}],"version-history":[{"count":1,"href":"https:\/\/copades.com\/monec\/index.php?rest_route=\/wp\/v2\/posts\/57884\/revisions"}],"predecessor-version":[{"id":57885,"href":"https:\/\/copades.com\/monec\/index.php?rest_route=\/wp\/v2\/posts\/57884\/revisions\/57885"}],"wp:featuredmedia":[{"embeddable":true,"href":"https:\/\/copades.com\/monec\/index.php?rest_route=\/wp\/v2\/media\/47847"}],"wp:attachment":[{"href":"https:\/\/copades.com\/monec\/index.php?rest_route=%2Fwp%2Fv2%2Fmedia&parent=57884"}],"wp:term":[{"taxonomy":"category","embeddable":true,"href":"https:\/\/copades.com\/monec\/index.php?rest_route=%2Fwp%2Fv2%2Fcategories&post=57884"},{"taxonomy":"post_tag","embeddable":true,"href":"https:\/\/copades.com\/monec\/index.php?rest_route=%2Fwp%2Fv2%2Ftags&post=57884"}],"curies":[{"name":"wp","href":"https:\/\/api.w.org\/{rel}","templated":true}]}}